{"id":7529,"date":"2011-08-24T14:15:45","date_gmt":"2011-08-24T17:15:45","guid":{"rendered":"http:\/\/hipismo.wordpress.com\/?p=7529"},"modified":"2011-08-24T14:15:45","modified_gmt":"2011-08-24T17:15:45","slug":"charon-jmen-e-o-cavaleiro-felipe-juares-rumo-ao-mundial-de-cavalos-novos-2011","status":"publish","type":"post","link":"https:\/\/www.hipismoeco.com.br\/blog\/charon-jmen-e-o-cavaleiro-felipe-juares-rumo-ao-mundial-de-cavalos-novos-2011\/","title":{"rendered":"Charon JMen e o cavaleiro Felipe Juares rumo ao Mundial de Cavalos Novos 2011"},"content":{"rendered":"<p>Visando uma vaga no Campeonato Mundial de Cavalos Novos 2011, Felipe Juarez de Lima levou o 3\u00ba produto Agromen ao topo do p\u00f3dio, desta feita, na categoria 7 anos com Charon JMen, um filho de Clinton JMen em Cassini I. A disputa que fez parte da programa\u00e7\u00e3o do Classic Horse Show, entre 18 e 21\/8, na Sociedade H\u00edpica Paulista, tamb\u00e9m definiu os campe\u00f5es da Seletivas de Cavalos Novos 5 e 6 anos, respectivamente, a \u00e9gua Bethania JMen e o garanh\u00e3o Radiator JMen.<\/p>\n<p>Felipe e Charon JMen, que emplacou em 1\u00ba lugar na primeira parcial, ficou entre os tr\u00eas conjuntos vencedores da prova final, em 20\/8, com apenas um derrube no percurso a 1.35 metro.<\/p>\n<p>Pedro Junqueira Muylaert, o Pep\u00ea, levou JCR Balalaika, uma filha de Baloubet du Rouet em Landritter, ao vice-campeonato. Eureka HV, uma filha de Emilion em Potencial, com Alexandre Gadelha, obteve o 3\u00ba posto no placar final. Ambos os conjuntos venceram a prova final.<\/p>\n<p>&#8220;Monto o Charon JMen, de propriedade de Luis Antonio\u00a0 Stamarts Arruda Sampaio, desde os tr\u00eas anos de idade. Vamos buscar o melhor resultado poss\u00edvel em Lanaken. Depois a nossa meta \u00e9 subir de categoria e chegar nas principais disputas do circuito&#8221;, garantiu Felipinho, cavaleiro paranaense radicado em S\u00e3o Paulo.<\/p>\n<p>Para o titular do Haras Agromen, Sergino Ribeiro de Medon\u00e7a, o resultado n\u00e3o poderia ser melhor.\u00a0 &#8220;Demos muita aten\u00e7\u00e3o \u00e0 qualidade das nossas \u00e9guas e contamos com os melhores reprodutores. Acho que estamos colhendo o fruto de uma primorosa sele\u00e7\u00e3o de mais de 20 anos&#8221;, comentou Sergino, criador dos cavalos campe\u00f5es nas s\u00e9ries 5, 6 e 7 anos.<\/p>\n<p>Antes do Mundial em Lanaken, os cavalos classificados ter\u00e3o um per\u00edodo de aclimata\u00e7\u00e3o na B\u00e9lgica. &#8220;Eles embarcam dia 10 de setembro, v\u00e3o ficar em centro de treinamento e no dia 15 saltam uma prova de adapta\u00e7\u00e3o. Com isso, esperamos que eles possam ter o melhor rendimento poss\u00edvel&#8221;, destacou Antonio Celso Fortino, presidente da Associa\u00e7\u00e3o Brasileira dos Criadores do Cavalo de Hipismo.<\/p>\n<p>O vencedor de cada s\u00e9rie recebeu da Associa\u00e7\u00e3o Brasileira de Criadores do Cavalo de Hipismo (ABCCH) e da Confedera\u00e7\u00e3o Brasileira de Hipismo (CBH) a passagem a\u00e9rea e frete a\u00e9reo do animal at\u00e9 o concurso. Os vice-campe\u00f5es tamb\u00e9m est\u00e3o classificados.<\/p>\n<figure id=\"attachment_7530\" aria-describedby=\"caption-attachment-7530\" style=\"width: 420px\" class=\"wp-caption alignnone\"><img loading=\"lazy\" decoding=\"async\" class=\"size-full wp-image-7530\" title=\"felipe_charon\" src=\"http:\/\/hipismo.files.wordpress.com\/2011\/08\/felipe_charon.jpg\" alt=\"\" width=\"420\" height=\"305\" \/><figcaption id=\"caption-attachment-7530\" class=\"wp-caption-text\">Felipe Juares de Lima recebendo seu pr\u00eamio das m\u00e3os de Antonio Celso Fortino, presidente da Associa\u00e7\u00e3o Brasileira dos Criadores do Cavalo de Hipismo; foto: Tupa Video<\/figcaption><\/figure>\n<p><em>Fonte: Carola May &#8211; CBH<\/em><\/p>\n","protected":false},"excerpt":{"rendered":"<p>Visando uma vaga no Campeonato Mundial de Cavalos Novos 2011, Felipe Juarez de Lima levou o 3\u00ba produto Agromen ao topo do p\u00f3dio, desta feita, na categoria 7 anos com Charon JMen, um filho de Clinton JMen em Cassini I. A disputa que fez parte da programa\u00e7\u00e3o do Classic Horse Show, entre 18 e 21\/8,&#8230;<\/p>\n","protected":false},"author":1,"featured_media":0,"comment_status":"open","ping_status":"open","sticky":false,"template":"","format":"standard","meta":{"jetpack_post_was_ever_published":false,"_jetpack_newsletter_access":"","_jetpack_dont_email_post_to_subs":false,"_jetpack_newsletter_tier_id":0,"footnotes":"","jetpack_publicize_message":"","jetpack_publicize_feature_enabled":true,"jetpack_social_post_already_shared":false,"jetpack_social_options":{"image_generator_settings":{"template":"highway","enabled":false}}},"categories":[9,11,50],"tags":[567],"jetpack_publicize_connections":[],"jetpack_featured_media_url":"","jetpack_shortlink":"https:\/\/wp.me\/p2OUwu-1Xr","jetpack_sharing_enabled":true,"_links":{"self":[{"href":"https:\/\/www.hipismoeco.com.br\/blog\/wp-json\/wp\/v2\/posts\/7529"}],"collection":[{"href":"https:\/\/www.hipismoeco.com.br\/blog\/wp-json\/wp\/v2\/posts"}],"about":[{"href":"https:\/\/www.hipismoeco.com.br\/blog\/wp-json\/wp\/v2\/types\/post"}],"author":[{"embeddable":true,"href":"https:\/\/www.hipismoeco.com.br\/blog\/wp-json\/wp\/v2\/users\/1"}],"replies":[{"embeddable":true,"href":"https:\/\/www.hipismoeco.com.br\/blog\/wp-json\/wp\/v2\/comments?post=7529"}],"version-history":[{"count":0,"href":"https:\/\/www.hipismoeco.com.br\/blog\/wp-json\/wp\/v2\/posts\/7529\/revisions"}],"wp:attachment":[{"href":"https:\/\/www.hipismoeco.com.br\/blog\/wp-json\/wp\/v2\/media?parent=7529"}],"wp:term":[{"taxonomy":"category","embeddable":true,"href":"https:\/\/www.hipismoeco.com.br\/blog\/wp-json\/wp\/v2\/categories?post=7529"},{"taxonomy":"post_tag","embeddable":true,"href":"https:\/\/www.hipismoeco.com.br\/blog\/wp-json\/wp\/v2\/tags?post=7529"}],"curies":[{"name":"wp","href":"https:\/\/api.w.org\/{rel}","templated":true}]}}