{"id":30299,"date":"2016-08-14T18:59:06","date_gmt":"2016-08-14T21:59:06","guid":{"rendered":"http:\/\/www.hipismoeco.com.br\/blog\/?p=30299"},"modified":"2016-08-14T18:43:55","modified_gmt":"2016-08-14T21:43:55","slug":"salto-nos-jogos-olimpicos-rio-2016","status":"publish","type":"post","link":"https:\/\/www.hipismoeco.com.br\/blog\/salto-nos-jogos-olimpicos-rio-2016\/","title":{"rendered":"Salto nos Jogos Ol\u00edmpicos Rio 2016"},"content":{"rendered":"<p>Come\u00e7ou hoje a disputa da modalidade salto do Hipismo nas Olimp\u00edadas Rio 2016.<\/p>\n<p>O Centro H\u00edpico no Complexo Ol\u00edmpico de Deodoro recebeu hoje um publico animado para a primeira classificat\u00f3ria do Salto individual e por equipe.<\/p>\n<p>Estive l\u00e1 e apesar do sol forte na cabe\u00e7a adorei ver de perto os grandes cavaleiros e amazonas da modalidade salto.<\/p>\n<p>Veja aqui como est\u00e1 a disputa\u00a0<a href=\"https:\/\/www.rio2016.com\/en\/equestrian-jumping-individual-1st-qualifier\" target=\"_blank\">individual.<\/a><\/p>\n<p>E aqui o placar por\u00a0<a href=\"https:\/\/www.rio2016.com\/en\/equestrian-jumping-team-qualifier-for-round-1\" target=\"_blank\">equipe.<\/a><\/p>\n<figure id=\"attachment_30302\" aria-describedby=\"caption-attachment-30302\" style=\"width: 300px\" class=\"wp-caption alignnone\"><img loading=\"lazy\" decoding=\"async\" class=\"size-medium wp-image-30302\" src=\"http:\/\/www.hipismoeco.com.br\/blog\/wp-content\/uploads\/image-300x197.jpeg\" alt=\"Pedro Veniss da equipe brasileira, que fez uma linda pista com zero pontos\" width=\"300\" height=\"197\" srcset=\"https:\/\/www.hipismoeco.com.br\/blog\/wp-content\/uploads\/image-300x197.jpeg 300w, https:\/\/www.hipismoeco.com.br\/blog\/wp-content\/uploads\/image-644x424.jpeg 644w, https:\/\/www.hipismoeco.com.br\/blog\/wp-content\/uploads\/image.jpeg 742w\" sizes=\"(max-width: 300px) 100vw, 300px\" \/><figcaption id=\"caption-attachment-30302\" class=\"wp-caption-text\">Pedro Veniss da equipe brasileira, que fez uma linda pista com zero pontos<\/figcaption><\/figure>\n<p>&nbsp;<\/p>\n","protected":false},"excerpt":{"rendered":"<p>Come\u00e7ou hoje a disputa da modalidade salto do Hipismo nas Olimp\u00edadas Rio 2016. O Centro H\u00edpico no Complexo Ol\u00edmpico de Deodoro recebeu hoje um publico animado para a primeira classificat\u00f3ria do Salto individual e por equipe. Estive l\u00e1 e apesar do sol forte na cabe\u00e7a adorei ver de perto os grandes cavaleiros e amazonas da&#8230;<\/p>\n","protected":false},"author":1,"featured_media":0,"comment_status":"open","ping_status":"open","sticky":false,"template":"","format":"standard","meta":{"jetpack_post_was_ever_published":false,"_jetpack_newsletter_access":"","_jetpack_dont_email_post_to_subs":false,"_jetpack_newsletter_tier_id":0,"footnotes":"","jetpack_publicize_message":"","jetpack_publicize_feature_enabled":true,"jetpack_social_post_already_shared":true,"jetpack_social_options":{"image_generator_settings":{"template":"highway","enabled":false}}},"categories":[35],"tags":[2201],"jetpack_publicize_connections":[],"jetpack_featured_media_url":"","jetpack_shortlink":"https:\/\/wp.me\/p2OUwu-7SH","jetpack_sharing_enabled":true,"_links":{"self":[{"href":"https:\/\/www.hipismoeco.com.br\/blog\/wp-json\/wp\/v2\/posts\/30299"}],"collection":[{"href":"https:\/\/www.hipismoeco.com.br\/blog\/wp-json\/wp\/v2\/posts"}],"about":[{"href":"https:\/\/www.hipismoeco.com.br\/blog\/wp-json\/wp\/v2\/types\/post"}],"author":[{"embeddable":true,"href":"https:\/\/www.hipismoeco.com.br\/blog\/wp-json\/wp\/v2\/users\/1"}],"replies":[{"embeddable":true,"href":"https:\/\/www.hipismoeco.com.br\/blog\/wp-json\/wp\/v2\/comments?post=30299"}],"version-history":[{"count":3,"href":"https:\/\/www.hipismoeco.com.br\/blog\/wp-json\/wp\/v2\/posts\/30299\/revisions"}],"predecessor-version":[{"id":30303,"href":"https:\/\/www.hipismoeco.com.br\/blog\/wp-json\/wp\/v2\/posts\/30299\/revisions\/30303"}],"wp:attachment":[{"href":"https:\/\/www.hipismoeco.com.br\/blog\/wp-json\/wp\/v2\/media?parent=30299"}],"wp:term":[{"taxonomy":"category","embeddable":true,"href":"https:\/\/www.hipismoeco.com.br\/blog\/wp-json\/wp\/v2\/categories?post=30299"},{"taxonomy":"post_tag","embeddable":true,"href":"https:\/\/www.hipismoeco.com.br\/blog\/wp-json\/wp\/v2\/tags?post=30299"}],"curies":[{"name":"wp","href":"https:\/\/api.w.org\/{rel}","templated":true}]}}