{"id":7550,"date":"2011-08-25T14:49:18","date_gmt":"2011-08-25T17:49:18","guid":{"rendered":"http:\/\/hipismo.wordpress.com\/?p=7550"},"modified":"2011-08-25T14:49:18","modified_gmt":"2011-08-25T17:49:18","slug":"curso-de-doma-natural-em-curitiba-da-universidade-do-cavalo","status":"publish","type":"post","link":"http:\/\/www.hipismoeco.com.br\/blog\/curso-de-doma-natural-em-curitiba-da-universidade-do-cavalo\/","title":{"rendered":"Curso de Doma Natural em Curitiba da Universidade do Cavalo"},"content":{"rendered":"<p><img loading=\"lazy\" decoding=\"async\" class=\"alignleft size-full wp-image-7551\" title=\"logo_UC\" src=\"http:\/\/hipismo.files.wordpress.com\/2011\/08\/logo_uc.jpg\" alt=\"\" width=\"250\" height=\"98\" \/>Nos dias 0 7, 08, 09, 10 de Setembro\u00a0de 2011 a <strong>Universidade do Cavalo<\/strong> em parceria com a Via Rural convidam a todos para o Curso de Doma Natural a ser realizado no Haras 3S, localizado em Curitiba, PR.<\/p>\n<p>O curso tem toda\u00a0sua base no\u00a0trabalho do\u00a0Centro de Treinamento da UC, que trabalha com a Doma Natural\u00a0recebendo potros de absolutamente todas a ra\u00e7as e modalidades. Entendemos que a inicia\u00e7\u00e3o de um potro \u00e9 o ponto de maior import\u00e2ncia na vida do cavalo pois \u00e9 nesta fase que criamos toda a base de confian\u00e7a, respeito e t\u00e9cnica.<\/p>\n<p>Tranformamos nosso trabalho em um curso muito interessante, onde todo o processo de doma foi transformado em exerc\u00edcios que os alunos v\u00e3o praticando com seus cavalos, passando confian\u00e7a, respeito e evoluindo ao longo dos dias de curso, at\u00e9 chegarmos ao ponto de montar e passear com os cavalos.<\/p>\n<p><strong>S\u00e3o bases da Doma Natural:<\/strong><\/p>\n<ul>\n<li>Promover o m\u00ednimo de desgaste f\u00edsico para o m\u00e1ximo de resultados a cada sess\u00e3o<\/li>\n<li>Trabalhar com a rela\u00e7\u00e3o ensinar\/ aprender e n\u00e3o a rela\u00e7\u00e3o pedir\/ fazer<\/li>\n<li>Focar o trabalho de cada potro considerando as particularidades de cada um<\/li>\n<li>Trabalhar guiando-se pelo tempo do potro, ou seja, n\u00e3o ultrapassar limita\u00e7\u00f5es de cada potro<\/li>\n<li>Calibrar o potro para seu propriet\u00e1rio ou cavaleiro<\/li>\n<li>Trabalhar o potro preparando-o para ser um cavalo de sucesso para seus propriet\u00e1rios<\/li>\n<li>Estimular intensamente a participa\u00e7\u00e3o dos propriet\u00e1rios ou treinadores dos potros durante o per\u00edodo de doma<\/li>\n<\/ul>\n<p>Conhe\u00e7a mais sobre a doma natural em <a href=\"http:\/\/www.universidadedocavalo.com.br\/doma.php\">http:\/\/www.universidadedocavalo.com.br\/doma.php<\/a>\u00a0e confira a nossa filosofia, nossas id\u00e9ias e nosso conceito sobre doma!<\/p>\n<p>Para as inscri\u00e7\u00f5es deste curso, voc\u00ea deve entrar em contato com Akemi, pelo tel\u00a0(41) 9967 7115.<\/p>\n<p>As vagas s\u00e3o limitadas para alunos\u00a0com cavalos, ovintes sem limite de\u00a0vagas.<\/p>\n","protected":false},"excerpt":{"rendered":"<p>Nos dias 0 7, 08, 09, 10 de Setembro\u00a0de 2011 a Universidade do Cavalo em parceria com a Via Rural convidam a todos para o Curso de Doma Natural a ser realizado no Haras 3S, localizado em Curitiba, PR. O curso tem toda\u00a0sua base no\u00a0trabalho do\u00a0Centro de Treinamento da UC, que trabalha com a Doma&#8230;<\/p>\n","protected":false},"author":1,"featured_media":0,"comment_status":"open","ping_status":"open","sticky":false,"template":"","format":"standard","meta":{"jetpack_post_was_ever_published":false,"_jetpack_newsletter_access":"","_jetpack_dont_email_post_to_subs":false,"_jetpack_newsletter_tier_id":0,"footnotes":"","jetpack_publicize_message":"","jetpack_publicize_feature_enabled":true,"jetpack_social_post_already_shared":false,"jetpack_social_options":{"image_generator_settings":{"template":"highway","enabled":false}}},"categories":[17],"tags":[1296],"jetpack_publicize_connections":[],"jetpack_featured_media_url":"","jetpack_shortlink":"https:\/\/wp.me\/p2OUwu-1XM","jetpack_sharing_enabled":true,"_links":{"self":[{"href":"http:\/\/www.hipismoeco.com.br\/blog\/wp-json\/wp\/v2\/posts\/7550"}],"collection":[{"href":"http:\/\/www.hipismoeco.com.br\/blog\/wp-json\/wp\/v2\/posts"}],"about":[{"href":"http:\/\/www.hipismoeco.com.br\/blog\/wp-json\/wp\/v2\/types\/post"}],"author":[{"embeddable":true,"href":"http:\/\/www.hipismoeco.com.br\/blog\/wp-json\/wp\/v2\/users\/1"}],"replies":[{"embeddable":true,"href":"http:\/\/www.hipismoeco.com.br\/blog\/wp-json\/wp\/v2\/comments?post=7550"}],"version-history":[{"count":0,"href":"http:\/\/www.hipismoeco.com.br\/blog\/wp-json\/wp\/v2\/posts\/7550\/revisions"}],"wp:attachment":[{"href":"http:\/\/www.hipismoeco.com.br\/blog\/wp-json\/wp\/v2\/media?parent=7550"}],"wp:term":[{"taxonomy":"category","embeddable":true,"href":"http:\/\/www.hipismoeco.com.br\/blog\/wp-json\/wp\/v2\/categories?post=7550"},{"taxonomy":"post_tag","embeddable":true,"href":"http:\/\/www.hipismoeco.com.br\/blog\/wp-json\/wp\/v2\/tags?post=7550"}],"curies":[{"name":"wp","href":"https:\/\/api.w.org\/{rel}","templated":true}]}}