{"id":4572,"date":"2010-08-16T22:00:44","date_gmt":"2010-08-17T01:00:44","guid":{"rendered":"http:\/\/hipismo.wordpress.com\/?p=4572"},"modified":"2010-08-16T22:00:44","modified_gmt":"2010-08-17T01:00:44","slug":"grande-premio-haras-polana","status":"publish","type":"post","link":"http:\/\/www.hipismoeco.com.br\/blog\/grande-premio-haras-polana\/","title":{"rendered":"Grande Pr\u00eamio Haras Polana"},"content":{"rendered":"<p>O cavaleiro representante da Federa\u00e7\u00e3o Paulista de Hipismo,<strong> Jos\u00e9 Luiz Guimar\u00e3es de Carvalho<\/strong> com o cavalos \u00a0Ulex 7\u00a0 venceu o\u00a0 G.P. Haras Polana que aconteceu ontem (15\/08) em Campos de Jord\u00e3o. Em segundo lugar ficou o cavaleiro <strong>Yuri Mansur Gu\u00e9rios<\/strong> montando\u00a0QH Mega Mumte Chico z Hipos. E em terceiro o paranaense que representa a Federa\u00e7\u00e3o Paulista de Hipismo <strong>Felipe Juares de Lima<\/strong> com Corline Jmen.<\/p>\n<figure id=\"attachment_4573\" aria-describedby=\"caption-attachment-4573\" style=\"width: 256px\" class=\"wp-caption alignnone\"><a href=\"http:\/\/hipismo.files.wordpress.com\/2010\/08\/hipismo_polana10.jpg\"><img loading=\"lazy\" decoding=\"async\" class=\"size-full wp-image-4573\" title=\"hipismo_polana10\" src=\"http:\/\/hipismo.files.wordpress.com\/2010\/08\/hipismo_polana10.jpg\" alt=\"\" width=\"256\" height=\"165\" \/><\/a><figcaption id=\"caption-attachment-4573\" class=\"wp-caption-text\">Jos\u00e9 Luiz Guimar\u00e3es de Carvalho, com Ulex 7 (foto HipismoBr)<\/figcaption><\/figure>\n<p>\u00a0<a href=\"http:\/\/www.hipismobr.com.br\/resultado_haraspolana_2010\/rprova07.pdf\" target=\"_blank\">Veja o resultado completo do GP Haras Polana.<\/a><\/p>\n<p>Fonte: HipismoBR<\/p>\n","protected":false},"excerpt":{"rendered":"<p>O cavaleiro representante da Federa\u00e7\u00e3o Paulista de Hipismo, Jos\u00e9 Luiz Guimar\u00e3es de Carvalho com o cavalos \u00a0Ulex 7\u00a0 venceu o\u00a0 G.P. Haras Polana que aconteceu ontem (15\/08) em Campos de Jord\u00e3o. Em segundo lugar ficou o cavaleiro Yuri Mansur Gu\u00e9rios montando\u00a0QH Mega Mumte Chico z Hipos. E em terceiro o paranaense que representa a Federa\u00e7\u00e3o&#8230;<\/p>\n","protected":false},"author":1,"featured_media":0,"comment_status":"open","ping_status":"open","sticky":false,"template":"","format":"standard","meta":{"jetpack_post_was_ever_published":false,"_jetpack_newsletter_access":"","_jetpack_dont_email_post_to_subs":false,"_jetpack_newsletter_tier_id":0,"footnotes":"","jetpack_publicize_message":"","jetpack_publicize_feature_enabled":true,"jetpack_social_post_already_shared":false,"jetpack_social_options":{"image_generator_settings":{"template":"highway","enabled":false}}},"categories":[9,30,50],"tags":[315,319,5927,1151],"jetpack_publicize_connections":[],"jetpack_featured_media_url":"","jetpack_shortlink":"https:\/\/wp.me\/p2OUwu-1bK","jetpack_sharing_enabled":true,"_links":{"self":[{"href":"http:\/\/www.hipismoeco.com.br\/blog\/wp-json\/wp\/v2\/posts\/4572"}],"collection":[{"href":"http:\/\/www.hipismoeco.com.br\/blog\/wp-json\/wp\/v2\/posts"}],"about":[{"href":"http:\/\/www.hipismoeco.com.br\/blog\/wp-json\/wp\/v2\/types\/post"}],"author":[{"embeddable":true,"href":"http:\/\/www.hipismoeco.com.br\/blog\/wp-json\/wp\/v2\/users\/1"}],"replies":[{"embeddable":true,"href":"http:\/\/www.hipismoeco.com.br\/blog\/wp-json\/wp\/v2\/comments?post=4572"}],"version-history":[{"count":0,"href":"http:\/\/www.hipismoeco.com.br\/blog\/wp-json\/wp\/v2\/posts\/4572\/revisions"}],"wp:attachment":[{"href":"http:\/\/www.hipismoeco.com.br\/blog\/wp-json\/wp\/v2\/media?parent=4572"}],"wp:term":[{"taxonomy":"category","embeddable":true,"href":"http:\/\/www.hipismoeco.com.br\/blog\/wp-json\/wp\/v2\/categories?post=4572"},{"taxonomy":"post_tag","embeddable":true,"href":"http:\/\/www.hipismoeco.com.br\/blog\/wp-json\/wp\/v2\/tags?post=4572"}],"curies":[{"name":"wp","href":"https:\/\/api.w.org\/{rel}","templated":true}]}}