{"id":4401,"date":"2010-08-02T13:45:22","date_gmt":"2010-08-02T16:45:22","guid":{"rendered":"http:\/\/hipismo.wordpress.com\/?p=4401"},"modified":"2010-08-02T13:45:22","modified_gmt":"2010-08-02T16:45:22","slug":"campeonato-paranaense-de-hipismo-para-amadores","status":"publish","type":"post","link":"http:\/\/www.hipismoeco.com.br\/blog\/campeonato-paranaense-de-hipismo-para-amadores\/","title":{"rendered":"Campeonato Paranaense de Hipismo para Amadores"},"content":{"rendered":"<p>Aconteceu nos dias 30, 31 de julho e 01 de agosto na Sociedade H\u00edpica Paranaense em Curitiba o<strong> Campeonato Paranaense de Hipismo para a categoria Amador<\/strong>.<\/p>\n<p>A final foi no domingo (01\/08) os campe\u00f5es subiram ao p\u00f3dio em baixo de chuva.<\/p>\n<p>Na categoria Amador B na altura de 1,00m o campe\u00e3o foi <strong>Valmir Evaldo Kuklik<\/strong> com o cavalo SS Tinteiro do Haras 3 lagos, a amazona <strong>Fernanda Ceconello Seixas<\/strong> com sua \u00e9gua Vicky do Unna ficou como vice campeonato pela Coud. Chic e em terceiro lugar fiocu <strong>Marcela Pimp\u00e3o<\/strong> montando Petit Amour pela Sociedade H\u00edpica Paranaense.<\/p>\n<p><span style=\"font-family:Geneva, Arial, Helvetica, sans-serif;font-size:x-small;\">J\u00e1 na altura de 1,10m categoria Amador A, o cavaleiro da H\u00edpica Paranaense<strong> Jo\u00e3o Gilberto G. Freir<\/strong>e com Temprament ficou na primeira posi\u00e7\u00e3o do p\u00f3dio seguido da amazona <strong>Bruna Fregonese<\/strong> que tamb\u00e9m representa a SHPr com sue cavalo Cowboy, na terceira posi\u00e7\u00e3o ficou a amazona do Haras Adal <strong>Cec\u00edlia Ortega Lyng<\/strong> com a \u00e9gua Gitta das Cataratas.<\/span><\/p>\n<p><span style=\"font-family:Geneva, Arial, Helvetica, sans-serif;font-size:x-small;\">O cavaleiro da SHPr, <strong>Luiz Fernando Albuquerque <\/strong>com o cavalo Nic das Cataratas venceu a categoria Amador na altura de 1,20m. Em segundo lugar ficou <strong>Andr\u00e9 Bora Neto<\/strong> com o HFB Docspot do Manege das Arauc\u00e1rias. E em terceiro lugar a amazona <strong>Vivecca Passos<\/strong> com a \u00e9gua Morena pelo Manege Gessuato.<\/span><\/p>\n<figure id=\"attachment_4402\" aria-describedby=\"caption-attachment-4402\" style=\"width: 400px\" class=\"wp-caption alignnone\"><a href=\"http:\/\/hipismo.files.wordpress.com\/2010\/08\/hipismo_amador10.jpg\"><img loading=\"lazy\" decoding=\"async\" class=\"size-full wp-image-4402\" title=\"hipismo_amador10\" src=\"http:\/\/hipismo.files.wordpress.com\/2010\/08\/hipismo_amador10.jpg\" alt=\"campe\u00e3o amador A 2010\" width=\"400\" height=\"589\" \/><\/a><figcaption id=\"caption-attachment-4402\" class=\"wp-caption-text\">Jo\u00e3o Gilberto G. Freire com Temprament <\/figcaption><\/figure>\n<p><a href=\"http:\/\/www.amigosdohipismo.com.br\">Fonte: Amigos do Hipismo<\/a><\/p>\n","protected":false},"excerpt":{"rendered":"<p>Aconteceu nos dias 30, 31 de julho e 01 de agosto na Sociedade H\u00edpica Paranaense em Curitiba o Campeonato Paranaense de Hipismo para a categoria Amador. A final foi no domingo (01\/08) os campe\u00f5es subiram ao p\u00f3dio em baixo de chuva. Na categoria Amador B na altura de 1,00m o campe\u00e3o foi Valmir Evaldo Kuklik&#8230;<\/p>\n","protected":false},"author":1,"featured_media":0,"comment_status":"open","ping_status":"open","sticky":false,"template":"","format":"standard","meta":{"jetpack_post_was_ever_published":false,"_jetpack_newsletter_access":"","_jetpack_dont_email_post_to_subs":false,"_jetpack_newsletter_tier_id":0,"footnotes":"","jetpack_publicize_message":"","jetpack_publicize_feature_enabled":true,"jetpack_social_post_already_shared":false,"jetpack_social_options":{"image_generator_settings":{"template":"highway","enabled":false}}},"categories":[9,50],"tags":[275,315,319,673,5927],"jetpack_publicize_connections":[],"jetpack_featured_media_url":"","jetpack_shortlink":"https:\/\/wp.me\/p2OUwu-18Z","jetpack_sharing_enabled":true,"_links":{"self":[{"href":"http:\/\/www.hipismoeco.com.br\/blog\/wp-json\/wp\/v2\/posts\/4401"}],"collection":[{"href":"http:\/\/www.hipismoeco.com.br\/blog\/wp-json\/wp\/v2\/posts"}],"about":[{"href":"http:\/\/www.hipismoeco.com.br\/blog\/wp-json\/wp\/v2\/types\/post"}],"author":[{"embeddable":true,"href":"http:\/\/www.hipismoeco.com.br\/blog\/wp-json\/wp\/v2\/users\/1"}],"replies":[{"embeddable":true,"href":"http:\/\/www.hipismoeco.com.br\/blog\/wp-json\/wp\/v2\/comments?post=4401"}],"version-history":[{"count":0,"href":"http:\/\/www.hipismoeco.com.br\/blog\/wp-json\/wp\/v2\/posts\/4401\/revisions"}],"wp:attachment":[{"href":"http:\/\/www.hipismoeco.com.br\/blog\/wp-json\/wp\/v2\/media?parent=4401"}],"wp:term":[{"taxonomy":"category","embeddable":true,"href":"http:\/\/www.hipismoeco.com.br\/blog\/wp-json\/wp\/v2\/categories?post=4401"},{"taxonomy":"post_tag","embeddable":true,"href":"http:\/\/www.hipismoeco.com.br\/blog\/wp-json\/wp\/v2\/tags?post=4401"}],"curies":[{"name":"wp","href":"https:\/\/api.w.org\/{rel}","templated":true}]}}