{"id":30765,"date":"2016-11-17T17:16:53","date_gmt":"2016-11-17T19:16:53","guid":{"rendered":"http:\/\/www.hipismoeco.com.br\/blog\/?p=30765"},"modified":"2016-11-16T16:39:23","modified_gmt":"2016-11-16T18:39:23","slug":"luciana-diniz-aposenta-seu-cavalo-que-nao-usava-cabecada","status":"publish","type":"post","link":"http:\/\/www.hipismoeco.com.br\/blog\/luciana-diniz-aposenta-seu-cavalo-que-nao-usava-cabecada\/","title":{"rendered":"Luciana Diniz aposenta seu cavalo que n\u00e3o usava cabe\u00e7ada"},"content":{"rendered":"<h3>Cavalo de Luciana Diniz saltava provas grandes sem cabe\u00e7ada.<\/h3>\n<p>J\u00e1 falei <a href=\"http:\/\/www.hipismoeco.com.br\/blog\/luciana-diniz-e-seu-cavalo-sem-cabecada\/\" target=\"_blank\">aqui<\/a> sobre o cavalo da amazona Luciana. O As-Taro \u00e9 um alaz\u00e3o que saltava apenas com um brid\u00e3o na boca, conectado as r\u00e9deas, mas sem o resto da cabe\u00e7ada. O animal sentia muito desconforto com o uso da cabe\u00e7ada, por isso a amazona encontrou a solu\u00e7\u00e3o usando uma embocadura presa por um couro no queixo do cavalo.<\/p>\n<p>Luciana decidiu dar a aposentadoria ao As-Taro de 19 anos, ap\u00f3s ele ter lhe dado v\u00e1rias vit\u00f3rias em\u00a0provas internacionais. Agora esse\u00a0lindo animal poder\u00e1 descansar e curtir seus dias nos pastos.<\/p>\n<p><img loading=\"lazy\" decoding=\"async\" class=\"alignnone size-full wp-image-30766\" src=\"http:\/\/www.hipismoeco.com.br\/blog\/wp-content\/uploads\/astaro.jpg\" alt=\"Luciana Diniz\" width=\"768\" height=\"960\" srcset=\"http:\/\/www.hipismoeco.com.br\/blog\/wp-content\/uploads\/astaro.jpg 768w, http:\/\/www.hipismoeco.com.br\/blog\/wp-content\/uploads\/astaro-240x300.jpg 240w, http:\/\/www.hipismoeco.com.br\/blog\/wp-content\/uploads\/astaro-644x805.jpg 644w\" sizes=\"(max-width: 768px) 100vw, 768px\" \/><\/p>\n<p><a href=\"https:\/\/www.facebook.com\/Hipismoeco\"><em><strong>Curta a p\u00e1gina do Hipismo&amp;Co no Facebook.<\/strong><\/em><\/a><\/p>\n<p><a href=\"https:\/\/twitter.com\/hipismo_co\"><em><strong>Siga o Hipismo&amp;Co no Twitter.<\/strong><\/em><\/a><\/p>\n<p><a href=\"http:\/\/instagram.com\/hipismoeco\"><em><strong>Siga o Hipismo&amp;Co no Instagram. @hipismoeco<\/strong><\/em><\/a>.<\/p>\n<p><em><strong><a href=\"https:\/\/www.youtube.com\/Hipismoeco\">Inscreva-se no canal do Hipismo&amp;Co no Youtube.<\/a><\/strong><\/em><\/p>\n","protected":false},"excerpt":{"rendered":"<p>Cavalo de Luciana Diniz saltava provas grandes sem cabe\u00e7ada. J\u00e1 falei aqui sobre o cavalo da amazona Luciana. O As-Taro \u00e9 um alaz\u00e3o que saltava apenas com um brid\u00e3o na boca, conectado as r\u00e9deas, mas sem o resto da cabe\u00e7ada. O animal sentia muito desconforto com o uso da cabe\u00e7ada, por isso a amazona encontrou&#8230;<\/p>\n","protected":false},"author":1,"featured_media":0,"comment_status":"open","ping_status":"open","sticky":false,"template":"","format":"standard","meta":{"jetpack_post_was_ever_published":false,"_jetpack_newsletter_access":"","_jetpack_dont_email_post_to_subs":false,"_jetpack_newsletter_tier_id":0,"footnotes":"","jetpack_publicize_message":"","jetpack_publicize_feature_enabled":true,"jetpack_social_post_already_shared":true,"jetpack_social_options":{"image_generator_settings":{"template":"highway","enabled":false}}},"categories":[33,50],"tags":[841],"jetpack_publicize_connections":[],"jetpack_featured_media_url":"","jetpack_shortlink":"https:\/\/wp.me\/p2OUwu-80d","jetpack_sharing_enabled":true,"_links":{"self":[{"href":"http:\/\/www.hipismoeco.com.br\/blog\/wp-json\/wp\/v2\/posts\/30765"}],"collection":[{"href":"http:\/\/www.hipismoeco.com.br\/blog\/wp-json\/wp\/v2\/posts"}],"about":[{"href":"http:\/\/www.hipismoeco.com.br\/blog\/wp-json\/wp\/v2\/types\/post"}],"author":[{"embeddable":true,"href":"http:\/\/www.hipismoeco.com.br\/blog\/wp-json\/wp\/v2\/users\/1"}],"replies":[{"embeddable":true,"href":"http:\/\/www.hipismoeco.com.br\/blog\/wp-json\/wp\/v2\/comments?post=30765"}],"version-history":[{"count":4,"href":"http:\/\/www.hipismoeco.com.br\/blog\/wp-json\/wp\/v2\/posts\/30765\/revisions"}],"predecessor-version":[{"id":30770,"href":"http:\/\/www.hipismoeco.com.br\/blog\/wp-json\/wp\/v2\/posts\/30765\/revisions\/30770"}],"wp:attachment":[{"href":"http:\/\/www.hipismoeco.com.br\/blog\/wp-json\/wp\/v2\/media?parent=30765"}],"wp:term":[{"taxonomy":"category","embeddable":true,"href":"http:\/\/www.hipismoeco.com.br\/blog\/wp-json\/wp\/v2\/categories?post=30765"},{"taxonomy":"post_tag","embeddable":true,"href":"http:\/\/www.hipismoeco.com.br\/blog\/wp-json\/wp\/v2\/tags?post=30765"}],"curies":[{"name":"wp","href":"https:\/\/api.w.org\/{rel}","templated":true}]}}