{"id":29818,"date":"2019-06-24T16:00:01","date_gmt":"2019-06-24T19:00:01","guid":{"rendered":"http:\/\/www.hipismoeco.com.br\/blog\/?p=29818"},"modified":"2021-08-07T09:31:38","modified_gmt":"2021-08-07T12:31:38","slug":"frio-e-o-comportamento-equino","status":"publish","type":"post","link":"http:\/\/www.hipismoeco.com.br\/blog\/frio-e-o-comportamento-equino\/","title":{"rendered":"Frio e o comportamento equino"},"content":{"rendered":"<h3>Est\u00e1 frio na sua cidade? Seu cavalo fica diferente em dias de temperatura baixa?<\/h3>\n<p>Aqui em Curitiba os&nbsp; dias de inverno costumam sem bem frios. Sempre noto que os cavalos ficam mais agitados, assustados e aprontando com seus cavaleiros.<\/p>\n<p>Meu cavalo fica um pouco mais sens\u00edvel aos movimentos em torno da pista quando est\u00e1 frio, j\u00e1 conhe\u00e7o ele e sei controlar esses momentos de susto dele. Mas vejo muita gente perguntando qual a raz\u00e3o do seu cavalo disparar, assustar ou ainda corcovear naqueles dias frios de inverno.<\/p>\n<p>Sempre soube que quando o cavalo sente frio ele fica com mais g\u00e1s&nbsp;e temos que trabalhar um pouco mais para ele se aquecer. Para entender melhor esse comportamento dos equinos, pesquisei e a resposta que encontrei foi que, os cavalos na natureza precisam de mais energia para sobreviver ao inverno. Por isso os organismos deles manda essa super carga durante a temporada de baixas temperaturas.<\/p>\n<p>Ou seja temos que gastar essa energia extra, pois nossos cavalos usam capas, ganham boa alimenta\u00e7\u00e3o o ano todo e n\u00e3o ter\u00e3o dificuldade para aguentar o inverno. Esse g\u00e1s extra que eles ganham nessa \u00e9poca, acaba s\u00f3 atrapalhando nossos treinos e algumas vezes nos deixando com medo.<\/p>\n<p>Minha dica para aqueles que tem animais que d\u00e3o trabalho em dias de frio \u00e9: rodem eles na guia antes de monta-los, uns 10 minutos, isso j\u00e1 pode fazer alguma diferen\u00e7a.<\/p>\n<p><img loading=\"lazy\" decoding=\"async\" class=\"alignnone wp-image-29822 size-full\" src=\"http:\/\/www.hipismoeco.com.br\/blog\/wp-content\/uploads\/horses-70098_960_720.jpg\" alt=\"frio\" width=\"960\" height=\"720\" srcset=\"http:\/\/www.hipismoeco.com.br\/blog\/wp-content\/uploads\/horses-70098_960_720.jpg 960w, http:\/\/www.hipismoeco.com.br\/blog\/wp-content\/uploads\/horses-70098_960_720-300x225.jpg 300w, http:\/\/www.hipismoeco.com.br\/blog\/wp-content\/uploads\/horses-70098_960_720-644x483.jpg 644w\" sizes=\"(max-width: 960px) 100vw, 960px\" \/><\/p>\n<p><em><a href=\"https:\/\/www.facebook.com\/Hipismoeco\">Curta a p\u00e1gina do Hipismo&amp;Co no Facebook.<\/a><\/em><\/p>\n<p><a href=\"https:\/\/twitter.com\/hipismo_co\">Siga o Hipismo&amp;Co no Twitter.<\/a><\/p>\n<p><a href=\"http:\/\/instagram.com\/hipismoeco\"><em>Siga o Hipismo&amp;Co no Instagram. @hipismoeco<\/em><\/a>.<\/p>\n<p><em><a href=\"https:\/\/www.youtube.com\/Hipismoeco\">Inscreva-se no canal do Hipismo&amp;Co no Youtube.<\/a><\/em><\/p>\n<p>Acompanhe o SnapChat do Hipismo&amp;Co (hipismoeco)<\/p>\n","protected":false},"excerpt":{"rendered":"<p>Est\u00e1 frio na sua cidade? Seu cavalo fica diferente em dias de temperatura baixa? Aqui em Curitiba os&nbsp; dias de inverno costumam sem bem frios. Sempre noto que os cavalos ficam mais agitados, assustados e aprontando com seus cavaleiros. Meu cavalo fica um pouco mais sens\u00edvel aos movimentos em torno da pista quando est\u00e1 frio,&#8230;<\/p>\n","protected":false},"author":1,"featured_media":0,"comment_status":"open","ping_status":"open","sticky":false,"template":"","format":"standard","meta":{"jetpack_post_was_ever_published":false,"_jetpack_newsletter_access":"","_jetpack_dont_email_post_to_subs":false,"_jetpack_newsletter_tier_id":0,"footnotes":"","jetpack_publicize_message":"","jetpack_publicize_feature_enabled":true,"jetpack_social_post_already_shared":true,"jetpack_social_options":{"image_generator_settings":{"template":"highway","enabled":false}}},"categories":[1685],"tags":[1903],"jetpack_publicize_connections":[],"jetpack_featured_media_url":"","jetpack_shortlink":"https:\/\/wp.me\/p2OUwu-7KW","jetpack_sharing_enabled":true,"_links":{"self":[{"href":"http:\/\/www.hipismoeco.com.br\/blog\/wp-json\/wp\/v2\/posts\/29818"}],"collection":[{"href":"http:\/\/www.hipismoeco.com.br\/blog\/wp-json\/wp\/v2\/posts"}],"about":[{"href":"http:\/\/www.hipismoeco.com.br\/blog\/wp-json\/wp\/v2\/types\/post"}],"author":[{"embeddable":true,"href":"http:\/\/www.hipismoeco.com.br\/blog\/wp-json\/wp\/v2\/users\/1"}],"replies":[{"embeddable":true,"href":"http:\/\/www.hipismoeco.com.br\/blog\/wp-json\/wp\/v2\/comments?post=29818"}],"version-history":[{"count":9,"href":"http:\/\/www.hipismoeco.com.br\/blog\/wp-json\/wp\/v2\/posts\/29818\/revisions"}],"predecessor-version":[{"id":31842,"href":"http:\/\/www.hipismoeco.com.br\/blog\/wp-json\/wp\/v2\/posts\/29818\/revisions\/31842"}],"wp:attachment":[{"href":"http:\/\/www.hipismoeco.com.br\/blog\/wp-json\/wp\/v2\/media?parent=29818"}],"wp:term":[{"taxonomy":"category","embeddable":true,"href":"http:\/\/www.hipismoeco.com.br\/blog\/wp-json\/wp\/v2\/categories?post=29818"},{"taxonomy":"post_tag","embeddable":true,"href":"http:\/\/www.hipismoeco.com.br\/blog\/wp-json\/wp\/v2\/tags?post=29818"}],"curies":[{"name":"wp","href":"https:\/\/api.w.org\/{rel}","templated":true}]}}