{"id":22518,"date":"2014-08-12T16:25:15","date_gmt":"2014-08-12T19:25:15","guid":{"rendered":"http:\/\/www.hipismoeco.com.br\/blog\/?p=22518"},"modified":"2014-08-12T16:18:12","modified_gmt":"2014-08-12T19:18:12","slug":"princesa-haya","status":"publish","type":"post","link":"http:\/\/www.hipismoeco.com.br\/blog\/princesa-haya\/","title":{"rendered":"Princesa Haya deixar\u00e1 a presid\u00eancia da FEI esse ano"},"content":{"rendered":"<h5>Princesa Haya n\u00e3o quer se reeleger na Federa\u00e7\u00e3o Equestre Internacional.<\/h5>\n<div><script src=\"\/\/pagead2.googlesyndication.com\/pagead\/js\/adsbygoogle.js\" async=\"\"><\/script><!-- Hipismo&#038;co_468 --> <ins class=\"adsbygoogle\" style=\"display: inline-block; width: 468px; height: 60px;\" data-ad-client=\"ca-pub-3864504410962450\" data-ad-slot=\"2893279329\"><\/ins><script>\/\/ <![CDATA[\n(adsbygoogle = window.adsbygoogle || []).push({});\n\/\/ ]]><\/script><\/div>\n<p>A princesa da Jord\u00e2nia, Haya, assumiu a presid\u00eancia da FEI em 2006 e reassumiu em 2010. Mas agora ela diz que n\u00e3o ir\u00e1 mudar o estatuto da Federa\u00e7\u00e3o Equestre Internacional para poder ficar mais 4 anos como presidente.<\/p>\n<p>Ela diz que tomou essa decis\u00e3o para poder cuidar de sua fam\u00edlia e tamb\u00e9m ajudar a comunidade de sua regi\u00e3o que passa por um momento de turbul\u00eancia de desespero. Nos \u00faltimos meses ela deixou um pouco de lado suas fun\u00e7\u00f5es na FEi para fazer trabalhos humanit\u00e1rios em Gaza. Mas a princesa acredita que haver\u00e3o bons candidatos a presid\u00eancia da FEI.<\/p>\n<p>No dia 14 de dezembro de 2014 acontecer\u00e1 a elei\u00e7\u00e3o para eleger um novo presidente. O prazo para os candidatos se registrarem vai at\u00e9 o dia 1\u00b0 de setembro.<\/p>\n<p><a href=\"http:\/\/www.hipismoeco.com.br\/blog\/wp-content\/uploads\/2014\/08\/haya_fei.jpg\"><img loading=\"lazy\" decoding=\"async\" class=\"alignnone size-full wp-image-22519\" src=\"http:\/\/www.hipismoeco.com.br\/blog\/wp-content\/uploads\/2014\/08\/haya_fei.jpg\" alt=\"Princesa Haya\" width=\"770\" height=\"400\" srcset=\"http:\/\/www.hipismoeco.com.br\/blog\/wp-content\/uploads\/2014\/08\/haya_fei.jpg 770w, http:\/\/www.hipismoeco.com.br\/blog\/wp-content\/uploads\/2014\/08\/haya_fei-300x155.jpg 300w\" sizes=\"(max-width: 770px) 100vw, 770px\" \/><\/a><\/p>\n<p><a href=\"http:\/\/www.fei.org\/news\/statement-fei-president-hrh-princess-haya\" target=\"_blank\"><em><strong>Fonte: FEI<\/strong><\/em><\/a><\/p>\n","protected":false},"excerpt":{"rendered":"<p>Princesa Haya n\u00e3o quer se reeleger na Federa\u00e7\u00e3o Equestre Internacional. A princesa da Jord\u00e2nia, Haya, assumiu a presid\u00eancia da FEI em 2006 e reassumiu em 2010. Mas agora ela diz que n\u00e3o ir\u00e1 mudar o estatuto da Federa\u00e7\u00e3o Equestre Internacional para poder ficar mais 4 anos como presidente. Ela diz que tomou essa decis\u00e3o para&#8230;<\/p>\n","protected":false},"author":1,"featured_media":0,"comment_status":"open","ping_status":"open","sticky":false,"template":"","format":"standard","meta":{"jetpack_post_was_ever_published":false,"_jetpack_newsletter_access":"","_jetpack_dont_email_post_to_subs":false,"_jetpack_newsletter_tier_id":0,"footnotes":"","jetpack_publicize_message":"","jetpack_publicize_feature_enabled":true,"jetpack_social_post_already_shared":true,"jetpack_social_options":{"image_generator_settings":{"template":"highway","enabled":false}}},"categories":[26],"tags":[5924,1075],"jetpack_publicize_connections":[],"jetpack_featured_media_url":"","jetpack_shortlink":"https:\/\/wp.me\/p2OUwu-5Rc","jetpack_sharing_enabled":true,"_links":{"self":[{"href":"http:\/\/www.hipismoeco.com.br\/blog\/wp-json\/wp\/v2\/posts\/22518"}],"collection":[{"href":"http:\/\/www.hipismoeco.com.br\/blog\/wp-json\/wp\/v2\/posts"}],"about":[{"href":"http:\/\/www.hipismoeco.com.br\/blog\/wp-json\/wp\/v2\/types\/post"}],"author":[{"embeddable":true,"href":"http:\/\/www.hipismoeco.com.br\/blog\/wp-json\/wp\/v2\/users\/1"}],"replies":[{"embeddable":true,"href":"http:\/\/www.hipismoeco.com.br\/blog\/wp-json\/wp\/v2\/comments?post=22518"}],"version-history":[{"count":6,"href":"http:\/\/www.hipismoeco.com.br\/blog\/wp-json\/wp\/v2\/posts\/22518\/revisions"}],"predecessor-version":[{"id":22525,"href":"http:\/\/www.hipismoeco.com.br\/blog\/wp-json\/wp\/v2\/posts\/22518\/revisions\/22525"}],"wp:attachment":[{"href":"http:\/\/www.hipismoeco.com.br\/blog\/wp-json\/wp\/v2\/media?parent=22518"}],"wp:term":[{"taxonomy":"category","embeddable":true,"href":"http:\/\/www.hipismoeco.com.br\/blog\/wp-json\/wp\/v2\/categories?post=22518"},{"taxonomy":"post_tag","embeddable":true,"href":"http:\/\/www.hipismoeco.com.br\/blog\/wp-json\/wp\/v2\/tags?post=22518"}],"curies":[{"name":"wp","href":"https:\/\/api.w.org\/{rel}","templated":true}]}}