{"id":22052,"date":"2014-07-22T17:20:33","date_gmt":"2014-07-22T20:20:33","guid":{"rendered":"http:\/\/www.hipismoeco.com.br\/blog\/?p=22052"},"modified":"2014-07-21T22:55:05","modified_gmt":"2014-07-22T01:55:05","slug":"alexander-mcqueen","status":"publish","type":"post","link":"http:\/\/www.hipismoeco.com.br\/blog\/alexander-mcqueen\/","title":{"rendered":"Alexander McQueen e cavalos"},"content":{"rendered":"<h5>A nova cole\u00e7\u00e3o Alexander McQueen.<\/h5>\n<div><script src=\"\/\/pagead2.googlesyndication.com\/pagead\/js\/adsbygoogle.js\" async=\"\"><\/script><!-- Hipismo&#038;co_468 --> <em><ins class=\"adsbygoogle\" style=\"display: inline-block; width: 468px; height: 60px;\" data-ad-client=\"ca-pub-3864504410962450\" data-ad-slot=\"2893279329\"><\/ins><script>\/\/ <![CDATA[\n(adsbygoogle = window.adsbygoogle || []).push({});\n\/\/ ]]><\/script><\/em><\/div>\n<p><strong>Alexander McQueen<\/strong> lan\u00e7ou sua cole\u00e7\u00e3o outono\/inverno 2014 &#8211; 2015 e na campanha publicit\u00e1ria os cavalos dividem espa\u00e7o com as modelos.<\/p>\n<p>As pe\u00e7as tem inspira\u00e7\u00e3o no per\u00edodo Elizabethano e na antiga monarquia brit\u00e2nica, um pouco sombrias com saias volumosas, casacos pesados e cores escuras.<\/p>\n<p>Os cavalos aparecem no editorial dando ainda mais for\u00e7a a cole\u00e7\u00e3o. A modelo \u00e9 a Edie Campbell, que foi fotografada por Steven Klein.<\/p>\n<p>Quem me mostrou essas lindas imagens com a cole\u00e7\u00e3o da marca <strong>Alexander McQueen<\/strong>, foi minha amiga Celine, que al\u00e9m de ser uma amazona que ama os cavalos, \u00e9 super antenada e descolada. Adoro receber colabora\u00e7\u00f5es para o blog.<\/p>\n<p><a href=\"http:\/\/www.hipismoeco.com.br\/blog\/wp-content\/uploads\/2014\/07\/alexandermacqeen1.jpg\"><img loading=\"lazy\" decoding=\"async\" class=\"alignnone wp-image-22053 size-full\" src=\"http:\/\/www.hipismoeco.com.br\/blog\/wp-content\/uploads\/2014\/07\/alexandermacqeen1.jpg\" alt=\"\" width=\"788\" height=\"497\" srcset=\"http:\/\/www.hipismoeco.com.br\/blog\/wp-content\/uploads\/2014\/07\/alexandermacqeen1.jpg 788w, http:\/\/www.hipismoeco.com.br\/blog\/wp-content\/uploads\/2014\/07\/alexandermacqeen1-300x189.jpg 300w\" sizes=\"(max-width: 788px) 100vw, 788px\" \/><\/a> <a href=\"http:\/\/www.hipismoeco.com.br\/blog\/wp-content\/uploads\/2014\/07\/alexandermacqeen2.jpg\"><img loading=\"lazy\" decoding=\"async\" class=\"alignnone size-full wp-image-22054\" src=\"http:\/\/www.hipismoeco.com.br\/blog\/wp-content\/uploads\/2014\/07\/alexandermacqeen2.jpg\" alt=\"Alexander Mcqueen\" width=\"788\" height=\"497\" srcset=\"http:\/\/www.hipismoeco.com.br\/blog\/wp-content\/uploads\/2014\/07\/alexandermacqeen2.jpg 788w, http:\/\/www.hipismoeco.com.br\/blog\/wp-content\/uploads\/2014\/07\/alexandermacqeen2-300x189.jpg 300w\" sizes=\"(max-width: 788px) 100vw, 788px\" \/><\/a> <a href=\"http:\/\/www.hipismoeco.com.br\/blog\/wp-content\/uploads\/2014\/07\/alexandermacqeen3.jpg\"><img loading=\"lazy\" decoding=\"async\" class=\"alignnone wp-image-22055 size-full\" src=\"http:\/\/www.hipismoeco.com.br\/blog\/wp-content\/uploads\/2014\/07\/alexandermacqeen3.jpg\" alt=\"\" width=\"788\" height=\"497\" srcset=\"http:\/\/www.hipismoeco.com.br\/blog\/wp-content\/uploads\/2014\/07\/alexandermacqeen3.jpg 788w, http:\/\/www.hipismoeco.com.br\/blog\/wp-content\/uploads\/2014\/07\/alexandermacqeen3-300x189.jpg 300w\" sizes=\"(max-width: 788px) 100vw, 788px\" \/><\/a><\/p>\n<p><a href=\"https:\/\/www.facebook.com\/Hipismoeco\"><strong>Curta o Hipismo&amp;Co no Facebook.<\/strong><\/a><\/p>\n","protected":false},"excerpt":{"rendered":"<p>A nova cole\u00e7\u00e3o Alexander McQueen. Alexander McQueen lan\u00e7ou sua cole\u00e7\u00e3o outono\/inverno 2014 &#8211; 2015 e na campanha publicit\u00e1ria os cavalos dividem espa\u00e7o com as modelos. As pe\u00e7as tem inspira\u00e7\u00e3o no per\u00edodo Elizabethano e na antiga monarquia brit\u00e2nica, um pouco sombrias com saias volumosas, casacos pesados e cores escuras. Os cavalos aparecem no editorial dando ainda&#8230;<\/p>\n","protected":false},"author":1,"featured_media":0,"comment_status":"open","ping_status":"open","sticky":false,"template":"","format":"standard","meta":{"jetpack_post_was_ever_published":false,"_jetpack_newsletter_access":"","_jetpack_dont_email_post_to_subs":false,"_jetpack_newsletter_tier_id":0,"footnotes":"","jetpack_publicize_message":"","jetpack_publicize_feature_enabled":true,"jetpack_social_post_already_shared":true,"jetpack_social_options":{"image_generator_settings":{"template":"highway","enabled":false}}},"categories":[39],"tags":[2536],"jetpack_publicize_connections":[],"jetpack_featured_media_url":"","jetpack_shortlink":"https:\/\/wp.me\/p2OUwu-5JG","jetpack_sharing_enabled":true,"_links":{"self":[{"href":"http:\/\/www.hipismoeco.com.br\/blog\/wp-json\/wp\/v2\/posts\/22052"}],"collection":[{"href":"http:\/\/www.hipismoeco.com.br\/blog\/wp-json\/wp\/v2\/posts"}],"about":[{"href":"http:\/\/www.hipismoeco.com.br\/blog\/wp-json\/wp\/v2\/types\/post"}],"author":[{"embeddable":true,"href":"http:\/\/www.hipismoeco.com.br\/blog\/wp-json\/wp\/v2\/users\/1"}],"replies":[{"embeddable":true,"href":"http:\/\/www.hipismoeco.com.br\/blog\/wp-json\/wp\/v2\/comments?post=22052"}],"version-history":[{"count":6,"href":"http:\/\/www.hipismoeco.com.br\/blog\/wp-json\/wp\/v2\/posts\/22052\/revisions"}],"predecessor-version":[{"id":22081,"href":"http:\/\/www.hipismoeco.com.br\/blog\/wp-json\/wp\/v2\/posts\/22052\/revisions\/22081"}],"wp:attachment":[{"href":"http:\/\/www.hipismoeco.com.br\/blog\/wp-json\/wp\/v2\/media?parent=22052"}],"wp:term":[{"taxonomy":"category","embeddable":true,"href":"http:\/\/www.hipismoeco.com.br\/blog\/wp-json\/wp\/v2\/categories?post=22052"},{"taxonomy":"post_tag","embeddable":true,"href":"http:\/\/www.hipismoeco.com.br\/blog\/wp-json\/wp\/v2\/tags?post=22052"}],"curies":[{"name":"wp","href":"https:\/\/api.w.org\/{rel}","templated":true}]}}