{"id":21460,"date":"2014-06-15T17:00:32","date_gmt":"2014-06-15T20:00:32","guid":{"rendered":"http:\/\/www.hipismoeco.com.br\/blog\/?p=21460"},"modified":"2014-06-15T16:44:16","modified_gmt":"2014-06-15T19:44:16","slug":"cavalos-selvagens","status":"publish","type":"post","link":"http:\/\/www.hipismoeco.com.br\/blog\/cavalos-selvagens\/","title":{"rendered":"Cavalos selvagens s\u00e3o mortos na Austr\u00e1lia"},"content":{"rendered":"<h5>Cavalos selvagens da Austr\u00e1lia sofrem com sede e fome<\/h5>\n<div><script src=\"\/\/pagead2.googlesyndication.com\/pagead\/js\/adsbygoogle.js\" async=\"\"><\/script><!-- Hipismo&#038;co_468 --> <ins class=\"adsbygoogle\" style=\"display: inline-block; width: 468px; height: 60px;\" data-ad-client=\"ca-pub-3864504410962450\" data-ad-slot=\"2893279329\"><\/ins><script>\/\/ <![CDATA[\n(adsbygoogle = window.adsbygoogle || []).push({});\n\/\/ ]]><\/script><\/div>\n<p>A Austr\u00e1lia come\u00e7ou em maio passado a matan\u00e7a de milhares de cavalos selvagens no Outback, regi\u00e3o \u00e1rida do interior do pa\u00eds. De acordo com as autoridades, os animais est\u00e3o morrendo de fome e sede, o que \u00e9 um problema ambiental, informou a televis\u00e3o p\u00fablica australiana.<\/p>\n<p>Foi ordenada a evacua\u00e7\u00e3o de uma zona localizada 300 quil\u00f4metros ao sudeste da cidade de Alice Springs para iniciar o massacre que pode atingir 10 mil cavalos, de acordo com a rede ABC. Um porta-voz do conselho local, que representa os interesses dos abor\u00edgenes e coordena a opera\u00e7\u00e3o, n\u00e3o quis confirmar a informa\u00e7\u00e3o \u00e0 AFP.<\/p>\n<p>O an\u00fancio da opera\u00e7\u00e3o, ocorrido no in\u00edcio do m\u00eas de maio, desencadeou cr\u00edticas de muitas organiza\u00e7\u00f5es de ecologistas do pa\u00eds. As autoridades explicam que centenas de animas selvagens que habitam a regi\u00e3o (cavalos, mas tamb\u00e9m burros e camelos) est\u00e3o morrendo por falta de \u00e1gua e comida e que \u00e9 necess\u00e1rio mat\u00e1-los por raz\u00f5es n\u00e3o s\u00f3 humanit\u00e1rias, mas tamb\u00e9m ambientais. Isso porque os corpos dos animais mortos contaminam as fontes de \u00e1gua que abastecem outras esp\u00e9cies.<\/p>\n<p>\u201cNingu\u00e9m quer v\u00ea-los sofrer, muito menos os tradicionais donos da terra, que gostam muito dos cavalos, mas s\u00e3o conscientes das consequ\u00eancias terr\u00edveis de ter uma popula\u00e7\u00e3o descontrolada desses animais\u201d, disse o diretor do conselho local David Ross, no come\u00e7o do m\u00eas.<\/p>\n<p>Segundo Ross, o assassinato executado a partir de helic\u00f3pteros \u00e9 a melhor op\u00e7\u00e3o porque os animais est\u00e3o dispersos ao longo de milhares de quil\u00f4metros quadrados e n\u00e3o seria poss\u00edvel reunir os cavalos selvagens em um matadouro.<\/p>\n<p>Esses cavalos s\u00e3o descendentes da esp\u00e9cie Waler e, quando a Austr\u00e1lia era uma col\u00f4nia brit\u00e2nica, eram usados pelo ex\u00e9rcito do Reino Unido na \u00cdndia. Mais tarde, foram usados pelo ex\u00e9rcito australiano durante a Primeira Guerra Mundial.<\/p>\n<p><a href=\"http:\/\/www.hipismoeco.com.br\/blog\/wp-content\/uploads\/2014\/06\/australia.jpg\"><img loading=\"lazy\" decoding=\"async\" class=\"alignnone wp-image-21461 size-full\" src=\"http:\/\/www.hipismoeco.com.br\/blog\/wp-content\/uploads\/2014\/06\/australia.jpg\" alt=\"cavalos selvagens\" width=\"600\" height=\"390\" srcset=\"http:\/\/www.hipismoeco.com.br\/blog\/wp-content\/uploads\/2014\/06\/australia.jpg 600w, http:\/\/www.hipismoeco.com.br\/blog\/wp-content\/uploads\/2014\/06\/australia-300x195.jpg 300w\" sizes=\"(max-width: 600px) 100vw, 600px\" \/><\/a><\/p>\n<p>Fonte: Correio Rac<\/p>\n<p><a href=\"https:\/\/www.facebook.com\/Hipismoeco\"><em><strong>Curta a p\u00e1gina do Hipismo&amp;Co no Facebook.<\/strong><\/em><\/a><\/p>\n","protected":false},"excerpt":{"rendered":"<p>Cavalos selvagens da Austr\u00e1lia sofrem com sede e fome A Austr\u00e1lia come\u00e7ou em maio passado a matan\u00e7a de milhares de cavalos selvagens no Outback, regi\u00e3o \u00e1rida do interior do pa\u00eds. De acordo com as autoridades, os animais est\u00e3o morrendo de fome e sede, o que \u00e9 um problema ambiental, informou a televis\u00e3o p\u00fablica australiana. Foi&#8230;<\/p>\n","protected":false},"author":1,"featured_media":0,"comment_status":"open","ping_status":"open","sticky":false,"template":"","format":"standard","meta":{"jetpack_post_was_ever_published":false,"_jetpack_newsletter_access":"","_jetpack_dont_email_post_to_subs":false,"_jetpack_newsletter_tier_id":0,"footnotes":"","jetpack_publicize_message":"","jetpack_publicize_feature_enabled":true,"jetpack_social_post_already_shared":true,"jetpack_social_options":{"image_generator_settings":{"template":"highway","enabled":false}}},"categories":[16,33],"tags":[1831,2049],"jetpack_publicize_connections":[],"jetpack_featured_media_url":"","jetpack_shortlink":"https:\/\/wp.me\/p2OUwu-5A8","jetpack_sharing_enabled":true,"_links":{"self":[{"href":"http:\/\/www.hipismoeco.com.br\/blog\/wp-json\/wp\/v2\/posts\/21460"}],"collection":[{"href":"http:\/\/www.hipismoeco.com.br\/blog\/wp-json\/wp\/v2\/posts"}],"about":[{"href":"http:\/\/www.hipismoeco.com.br\/blog\/wp-json\/wp\/v2\/types\/post"}],"author":[{"embeddable":true,"href":"http:\/\/www.hipismoeco.com.br\/blog\/wp-json\/wp\/v2\/users\/1"}],"replies":[{"embeddable":true,"href":"http:\/\/www.hipismoeco.com.br\/blog\/wp-json\/wp\/v2\/comments?post=21460"}],"version-history":[{"count":4,"href":"http:\/\/www.hipismoeco.com.br\/blog\/wp-json\/wp\/v2\/posts\/21460\/revisions"}],"predecessor-version":[{"id":21466,"href":"http:\/\/www.hipismoeco.com.br\/blog\/wp-json\/wp\/v2\/posts\/21460\/revisions\/21466"}],"wp:attachment":[{"href":"http:\/\/www.hipismoeco.com.br\/blog\/wp-json\/wp\/v2\/media?parent=21460"}],"wp:term":[{"taxonomy":"category","embeddable":true,"href":"http:\/\/www.hipismoeco.com.br\/blog\/wp-json\/wp\/v2\/categories?post=21460"},{"taxonomy":"post_tag","embeddable":true,"href":"http:\/\/www.hipismoeco.com.br\/blog\/wp-json\/wp\/v2\/tags?post=21460"}],"curies":[{"name":"wp","href":"https:\/\/api.w.org\/{rel}","templated":true}]}}