{"id":20992,"date":"2014-05-21T16:03:29","date_gmt":"2014-05-21T19:03:29","guid":{"rendered":"http:\/\/www.hipismoeco.com.br\/blog\/?p=20992"},"modified":"2014-05-19T22:45:22","modified_gmt":"2014-05-20T01:45:22","slug":"razoes-para-nao-usar-capacete-de-hipismo","status":"publish","type":"post","link":"http:\/\/www.hipismoeco.com.br\/blog\/razoes-para-nao-usar-capacete-de-hipismo\/","title":{"rendered":"10 raz\u00f5es para nao usar capacete de hipismo"},"content":{"rendered":"<h5>Existem muitas raz\u00f5es para n\u00e3o usar capacete de hipismo?<\/h5>\n<div><script src=\"\/\/pagead2.googlesyndication.com\/pagead\/js\/adsbygoogle.js\" async=\"\"><\/script><!-- Hipismo&#038;co_468 --> <ins class=\"adsbygoogle\" style=\"display: inline-block; width: 468px; height: 60px;\" data-ad-client=\"ca-pub-3864504410962450\" data-ad-slot=\"2893279329\"><\/ins><script>\/\/ <![CDATA[\n(adsbygoogle = window.adsbygoogle || []).push({});\n\/\/ ]]><\/script><\/div>\n<p>Mesmo depois da FEI investir em campanhas e mudar regulamentos sobre o uso do capacete de hipismo existem pessoas que ainda usam desculpas para n\u00e3o fazer uso desse equipamento de seguran\u00e7a. Reuni algumas dessas raz\u00f5es e listei aqui, mas se voc\u00ea tiver um motivo diferente desses para n\u00e3o montar seu cavalo com um capacete na cabe\u00e7a me envie um coment\u00e1rio.<\/p>\n<p><strong>1 &#8211; Capacete me d\u00e1 dor de cabe\u00e7a.<\/strong><br \/>\nTalvez seu capacete n\u00e3o \u00e9 do tamanho certo para sua cabe\u00e7a, pode estar apertado ou ainda o modelo n\u00e3o \u00e9 o ideal para voc\u00ea.<\/p>\n<p><strong>2 &#8211; Vai bagun\u00e7ar meu cabelo.<\/strong><br \/>\nVoc\u00ea pode continuar com as madeixas impec\u00e1veis mas talvez ter\u00e1 que ir para o hospital com uma s\u00e9ria contus\u00e3o.<\/p>\n<p><strong>3 &#8211; Sou um cavaleiro experiente n\u00e3o irei cair.<\/strong><br \/>\nMesmos os mais qualificados cavaleiros caem e podem se machucar.<\/p>\n<p><strong>4 &#8211; Capacetes s\u00e3o muito quente.<\/strong><br \/>\nExistem novos modelos de capacete de hipismo que tem sistema de ventila\u00e7\u00e3o deixando assim sua cabe\u00e7a mais fresquinha.<\/p>\n<p><strong>5 &#8211; Na modalidade que pratico n\u00e3o \u00e9 comum usar capacete.<\/strong><br \/>\nPode n\u00e3o ser comum, mas seria muito mais seguro us\u00e1-lo.<\/p>\n<p><strong>6 &#8211; Acabei de vir do cabeleireiro.<\/strong><br \/>\nSe voc\u00ea usar capacete poder\u00e1 voltar v\u00e1rias vezes ao sal\u00e3o de beleza e fazer lindos penteados, mas sen\u00e3o usar talvez voc\u00ea ter\u00e1 que voltar v\u00e1rias vezes ao hospital.<\/p>\n<p><strong>7 &#8211; Meu cavalo \u00e9 manso.<\/strong><br \/>\nMesmo que seu cavalo seja d\u00f3cil e tranquilo ele pode te derrubar ou at\u00e9 mesmo cair junto com voc\u00ea, por conta de um trope\u00e7\u00e3o ou um susto.<\/p>\n<p><strong>8 &#8211; O capacete n\u00e3o combina com minha roupa.<\/strong><br \/>\nVoc\u00ea pode customizar seu equipamento e assim ficar na moda e at\u00e9 lan\u00e7ar tend\u00eancia.<\/p>\n<p><strong>9 &#8211; O cavaleiro que admiro n\u00e3o usa capacete.<\/strong><br \/>\nEspero que nem seu \u00eddolo ou voc\u00ea sofram uma queda.<\/p>\n<p><strong>10 &#8211; Meu cabelo fica fedido quando uso capacete.<\/strong><br \/>\nJ\u00e1 experimentou lavar seu equipamento com mais frequ\u00eancia?<\/p>\n<p><a href=\"http:\/\/www.hipismoeco.com.br\/blog\/wp-content\/uploads\/2014\/05\/capacete-de-hipismo.jpg\"><img loading=\"lazy\" decoding=\"async\" class=\"alignnone wp-image-20999 size-full\" src=\"http:\/\/www.hipismoeco.com.br\/blog\/wp-content\/uploads\/2014\/05\/capacete-de-hipismo.jpg\" alt=\"capacete de hipismo\" width=\"600\" height=\"834\" srcset=\"http:\/\/www.hipismoeco.com.br\/blog\/wp-content\/uploads\/2014\/05\/capacete-de-hipismo.jpg 600w, http:\/\/www.hipismoeco.com.br\/blog\/wp-content\/uploads\/2014\/05\/capacete-de-hipismo-215x300.jpg 215w\" sizes=\"(max-width: 600px) 100vw, 600px\" \/><\/a><\/p>\n<p><a href=\"https:\/\/www.facebook.com\/Hipismoeco\" target=\"_blank\"><em><strong>Curta o Hipismo&amp;Co no Facebook.<\/strong><\/em><\/a><\/p>\n<p>&nbsp;<\/p>\n","protected":false},"excerpt":{"rendered":"<p>Existem muitas raz\u00f5es para n\u00e3o usar capacete de hipismo? Mesmo depois da FEI investir em campanhas e mudar regulamentos sobre o uso do capacete de hipismo existem pessoas que ainda usam desculpas para n\u00e3o fazer uso desse equipamento de seguran\u00e7a. Reuni algumas dessas raz\u00f5es e listei aqui, mas se voc\u00ea tiver um motivo diferente desses&#8230;<\/p>\n","protected":false},"author":1,"featured_media":0,"comment_status":"open","ping_status":"open","sticky":false,"template":"","format":"standard","meta":{"jetpack_post_was_ever_published":false,"_jetpack_newsletter_access":"","_jetpack_dont_email_post_to_subs":false,"_jetpack_newsletter_tier_id":0,"footnotes":"","jetpack_publicize_message":"","jetpack_publicize_feature_enabled":true,"jetpack_social_post_already_shared":true,"jetpack_social_options":{"image_generator_settings":{"template":"highway","enabled":false}}},"categories":[51],"tags":[287],"jetpack_publicize_connections":[],"jetpack_featured_media_url":"","jetpack_shortlink":"https:\/\/wp.me\/p2OUwu-5sA","jetpack_sharing_enabled":true,"_links":{"self":[{"href":"http:\/\/www.hipismoeco.com.br\/blog\/wp-json\/wp\/v2\/posts\/20992"}],"collection":[{"href":"http:\/\/www.hipismoeco.com.br\/blog\/wp-json\/wp\/v2\/posts"}],"about":[{"href":"http:\/\/www.hipismoeco.com.br\/blog\/wp-json\/wp\/v2\/types\/post"}],"author":[{"embeddable":true,"href":"http:\/\/www.hipismoeco.com.br\/blog\/wp-json\/wp\/v2\/users\/1"}],"replies":[{"embeddable":true,"href":"http:\/\/www.hipismoeco.com.br\/blog\/wp-json\/wp\/v2\/comments?post=20992"}],"version-history":[{"count":11,"href":"http:\/\/www.hipismoeco.com.br\/blog\/wp-json\/wp\/v2\/posts\/20992\/revisions"}],"predecessor-version":[{"id":21004,"href":"http:\/\/www.hipismoeco.com.br\/blog\/wp-json\/wp\/v2\/posts\/20992\/revisions\/21004"}],"wp:attachment":[{"href":"http:\/\/www.hipismoeco.com.br\/blog\/wp-json\/wp\/v2\/media?parent=20992"}],"wp:term":[{"taxonomy":"category","embeddable":true,"href":"http:\/\/www.hipismoeco.com.br\/blog\/wp-json\/wp\/v2\/categories?post=20992"},{"taxonomy":"post_tag","embeddable":true,"href":"http:\/\/www.hipismoeco.com.br\/blog\/wp-json\/wp\/v2\/tags?post=20992"}],"curies":[{"name":"wp","href":"https:\/\/api.w.org\/{rel}","templated":true}]}}