{"id":18575,"date":"2013-12-19T14:47:20","date_gmt":"2013-12-19T16:47:20","guid":{"rendered":"http:\/\/www.hipismoeco.com.br\/blog\/?p=18575"},"modified":"2013-12-19T14:47:20","modified_gmt":"2013-12-19T16:47:20","slug":"la-vem-o-cavalo-de-natal","status":"publish","type":"post","link":"http:\/\/www.hipismoeco.com.br\/blog\/la-vem-o-cavalo-de-natal\/","title":{"rendered":"L\u00e1 vem o cavalo de Natal"},"content":{"rendered":"<p>O conto de dezembro da escritora escritora <strong>Neyd Montingelli<\/strong> tem o esp\u00edrito natalino.<\/p>\n<p><a href=\"http:\/\/www.hipismoeco.com.br\/blog\/wp-content\/uploads\/2013\/12\/nata1.jpg\"><img loading=\"lazy\" decoding=\"async\" class=\"alignnone size-full wp-image-18583\" alt=\"nata1\" src=\"http:\/\/www.hipismoeco.com.br\/blog\/wp-content\/uploads\/2013\/12\/nata1.jpg\" width=\"600\" height=\"331\" srcset=\"http:\/\/www.hipismoeco.com.br\/blog\/wp-content\/uploads\/2013\/12\/nata1.jpg 600w, http:\/\/www.hipismoeco.com.br\/blog\/wp-content\/uploads\/2013\/12\/nata1-300x165.jpg 300w\" sizes=\"(max-width: 600px) 100vw, 600px\" \/><\/a><\/p>\n<h3>Cavalo de Natal<\/h3>\n<p>Wieslaw deu um \u00faltimo n\u00f3 nas cordinhas azuis que prendiam as bolas vermelhas e esticou os bra\u00e7os para ver o trabalho. \u00c9, ficou bem bonito! O cord\u00e3o comprido foi arrastado cuidadosamente at\u00e9 a porta da pequena casa. L\u00e1 fora o cavalo esperava impaciente pelo caf\u00e9 da manh\u00e3. Ao ver o velho amigo, come\u00e7a a riscar o ch\u00e3o.<\/p>\n<p>-Calma a\u00ed amig\u00e3o. J\u00e1 vou arrumar a sua comida. Olha o que eu fiz para enfeitar o seu pesco\u00e7o nessa semana do Natal! Ficou bonito n\u00e3o?<\/p>\n<p>O velho senhor coloca as bolas de pl\u00e1stico sobre algumas pilhas de garrafas pet cuidadosamente amassadas e empilhadas e retira uns ramos de capim coloni\u00e3o que est\u00e3o em um barril com \u00e1gua para n\u00e3o murchar. Oferece o capim ao cavalo que saboreia avidamente. Enquanto o cavalo come, ele volta para a cozinha e come um p\u00e3o seco com um copo de caf\u00e9 requentado.<\/p>\n<p>Depois do caf\u00e9 da manh\u00e3, Wieslaw atrela o cavalo \u00e0 delicada carrocinha de juntar reciclados e come\u00e7a a enfeitar o amigo com os adere\u00e7os que passou a noite fazendo. Bolas de piscina de bolinhas que conseguiu em uma casa de festas, cord\u00f5es que achou no lixo, v\u00e1rios la\u00e7os feitos com pl\u00e1stico vermelho e as duas toucas de Papai Noel que comprou na lojinha da esquina. Uma para ele e outra para Pomoc.<\/p>\n<p>E l\u00e1 foram os dois para o trabalho. Isso porque o velho n\u00e3o pegava outros recicl\u00e1veis que n\u00e3o fossem garrafas pet e latinhas, ele n\u00e3o deixava o amigo carregar muito peso. O seu trabalho di\u00e1rio era recolher as garrafas e latinhas e afiar facas, tesouras, cortador de grama, arrumar tampa de panela, pequenas soldas. A carrocinha era uma mini oficina.<\/p>\n<p>Disseram que a Prefeitura estava cadastrando os donos de cavalos, queriam fazer um censo. Ouviu rumores que estavam confiscando os cavalos em algumas cidades, para substituir por bicicletas ou moto. Bem, ele n\u00e3o tinha dinheiro para comprar moto, nem sabia dirigir e muito menos tinha a inten\u00e7\u00e3o de ficar sem o amigo. Por isso, vivia escondendo-se pelos bairros da periferia.<\/p>\n<p>Pomoc era seu companheiro, seu amigo, nunca mais poderia ficar sem ele. Quando ouviu a not\u00edcia, entrou em desespero. O que seria de sua vida?<\/p>\n<p>Ele viu aquele cavalo tornar-se o melhor cavalo do Haras, o maior campe\u00e3o de salto, havia sido seu tratador por 4 anos. Acompanhava-o nas comitivas em competi\u00e7\u00f5es dentro e fora do estado, cuidava da alimenta\u00e7\u00e3o, selava, dava banho, cuidava do arm\u00e1rio dos trof\u00e9us, conversava com ele. At\u00e9 o dia do acidente.<\/p>\n<p>Em uma das viagens, o caminh\u00e3o do transporte virou e o cavalo sofreu um esmagamento na perna traseira e muitos cortes pelo corpo. Eles iam sacrific\u00e1-lo, ali mesmo na estrada, mas n\u00e3o tiveram coragem. Sedaram o animal e o levaram para o Haras. Wieslaw foi seu enfermeiro at\u00e9 ele voltar a andar e os cortes se curarem. Ele n\u00e3o podia mais saltar. O instrutor que competia com ele ficou desolado. Para n\u00e3o perder o animal forte, e j\u00e1 preparado, foi colocado na escolinha do Haras. Ele saiu-se bem, pois era d\u00f3cil e atendia gentilmente aos comandos das crian\u00e7as. Limitava-se a passar as varas no ch\u00e3o, galopar e saltar alturas m\u00ednimas de 0,40 ou 0,60m. Wieslaw ficava triste em ver o lindo animal ficar reduzido a um cavalinho triste, devido ao acidente. Tanto \u00e9 que o dono do Haras n\u00e3o queria que o chamassem pelo nome oficial. Deixou que o tratador mudasse para Pomoc que em polon\u00eas quer dizer simplesmente \u201cajuda\u201d.<\/p>\n<p>Wieslaw terminava suas tarefas e passava o final do dia ao lado do cavalo. Dava banho, escovava, conversava, como antes. At\u00e9 o dia do segundo acidente.<\/p>\n<p>A neta do dono do Haras estava fazendo suas primeiras aulas e foi montar o cavalo bonzinho. Ela era impaciente e n\u00e3o queria um cavalo lerdo. Queria que ele galopasse vigorosamente. O instrutor chamou a aten\u00e7\u00e3o dela v\u00e1rias vezes. Explicou que o salto exige disciplina e para o que ela queria, deveria escolher outra modalidade, talvez o tambor e baliza que s\u00e3o mais \u00e1geis. A menina n\u00e3o queria saber e tirando o cinto, golpeou o cavalo para ele andar mais r\u00e1pido. Pomoc assustou-se e empinou, e a menina caiu e quebrou o bra\u00e7o. \u00c9 claro que ela contou uma hist\u00f3ria diferente, abstendo-se de mencionar o golpe com o cinto. O instrutor relatou como aconteceu o acidente, mas o av\u00f4 n\u00e3o acreditou e ficou louco de raiva com o cavalo.<\/p>\n<p>Chamou os funcion\u00e1rios e mandou sacrificar aquele \u201ccavalo manco e imprest\u00e1vel\u201d. Wieslaw estava na equipe que iria fazer o \u201cservi\u00e7o\u201d e na mesma hora foi falar com o chefe, pediu sua demiss\u00e3o e para levar o cavalo embora ao inv\u00e9s de sacrific\u00e1-lo. O chefe autorizou e \u00e9 assim que est\u00e3o os dois, vivendo juntos h\u00e1 10 anos, no s\u00edtio do tratador, catando \u00a0latinhas e garrafas e fazendo pequenos servi\u00e7os com a carrocinha.<\/p>\n<p>Neste dia, os dois sa\u00edram enfeitados para o Natal. Por onde andam as pessoas os cumprimentam, as crian\u00e7as gritam:<\/p>\n<p>&#8211; Olha o cavalo de Natal!<\/p>\n<p>As senhoras saem das casas com as garrafas e latinhas guardadas durante a semana, trazem panelas para consertar, facas para afiar. Todos conhecem o Polaco do cavalo e gostam dele, porque o cavalo \u00e9 saud\u00e1vel, bem tratado e parece gostar de trabalhar com ele. N\u00e3o \u00e9 como os catadores de papel que maltratam os animais e fazem com que eles puxem carro\u00e7as pesadas e com arreios velhos, ferindo a pele. Aquele n\u00e3o, tudo \u00e9 novo, acolchoado, a carrocinha \u00e9 leve e o cavalo \u00e9 bonito, escovado e bem gordinho.<\/p>\n<p>&#8211; L\u00e1 vem o cavalo de Natal!<\/p>\n<p>Esse cavalo n\u00e3o precisa ser trocado por uma bicicleta ou moto. Ele gosta de puxar uma carrocinha leve, receber agrado das crian\u00e7as, ser escovado, banhado, ter um abrigo, comida e \u00e1gua fresca todos os dias.<\/p>\n<p>&#8211; Vejam o cavalo de Natal!<\/p>\n<p>O cavalo faz a vida do Polaco ser mais alegre e este ser\u00e1 um Feliz Natal como sempre.<\/p>\n<p><a href=\"http:\/\/www.hipismoeco.com.br\/blog\/wp-content\/uploads\/2013\/12\/nata2.jpg\"><img loading=\"lazy\" decoding=\"async\" class=\"alignnone size-full wp-image-18584\" alt=\"nata2\" src=\"http:\/\/www.hipismoeco.com.br\/blog\/wp-content\/uploads\/2013\/12\/nata2.jpg\" width=\"600\" height=\"384\" srcset=\"http:\/\/www.hipismoeco.com.br\/blog\/wp-content\/uploads\/2013\/12\/nata2.jpg 600w, http:\/\/www.hipismoeco.com.br\/blog\/wp-content\/uploads\/2013\/12\/nata2-300x192.jpg 300w\" sizes=\"(max-width: 600px) 100vw, 600px\" \/><\/a><\/p>\n<p><strong><em>Conto de Neyd M.M.Montingelli.<\/em><\/strong><br \/>\n<em>Neyd nasceu e mora em Curitiba, casada, tem 4 filhas e 1 neto, formada em Psicologia, com especializa\u00e7\u00f5es em Nutri\u00e7\u00e3o, Queijos, Leite e outros cursos na \u00e1rea de animais. J\u00e1 teve cria\u00e7\u00e3o de Cabras e um Latic\u00ednio. \u00c9 aposentada pela Caixa Econ\u00f4mica e agora escreve sobre a fam\u00edlia, cr\u00f4nicas e contos tendo 8 livros j\u00e1 publicados.<\/em><\/p>\n<p><em><strong>Fotos: Rafaella Montingelli<br \/>\nModelo: Cleveland de propriedade da amazona Ana Paula Fadel<br \/>\n<\/strong><\/em><\/p>\n","protected":false},"excerpt":{"rendered":"<p>O conto de dezembro da escritora escritora Neyd Montingelli tem o esp\u00edrito natalino. Cavalo de Natal Wieslaw deu um \u00faltimo n\u00f3 nas cordinhas azuis que prendiam as bolas vermelhas e esticou os bra\u00e7os para ver o trabalho. \u00c9, ficou bem bonito! O cord\u00e3o comprido foi arrastado cuidadosamente at\u00e9 a porta da pequena casa. L\u00e1 fora&#8230;<\/p>\n","protected":false},"author":1,"featured_media":0,"comment_status":"open","ping_status":"open","sticky":false,"template":"","format":"standard","meta":{"jetpack_post_was_ever_published":false,"_jetpack_newsletter_access":"","_jetpack_dont_email_post_to_subs":false,"_jetpack_newsletter_tier_id":0,"footnotes":"","jetpack_publicize_message":"","jetpack_publicize_feature_enabled":true,"jetpack_social_post_already_shared":true,"jetpack_social_options":{"image_generator_settings":{"template":"highway","enabled":false}}},"categories":[1887],"tags":[958],"jetpack_publicize_connections":[],"jetpack_featured_media_url":"","jetpack_shortlink":"https:\/\/wp.me\/p2OUwu-4PB","jetpack_sharing_enabled":true,"_links":{"self":[{"href":"http:\/\/www.hipismoeco.com.br\/blog\/wp-json\/wp\/v2\/posts\/18575"}],"collection":[{"href":"http:\/\/www.hipismoeco.com.br\/blog\/wp-json\/wp\/v2\/posts"}],"about":[{"href":"http:\/\/www.hipismoeco.com.br\/blog\/wp-json\/wp\/v2\/types\/post"}],"author":[{"embeddable":true,"href":"http:\/\/www.hipismoeco.com.br\/blog\/wp-json\/wp\/v2\/users\/1"}],"replies":[{"embeddable":true,"href":"http:\/\/www.hipismoeco.com.br\/blog\/wp-json\/wp\/v2\/comments?post=18575"}],"version-history":[{"count":4,"href":"http:\/\/www.hipismoeco.com.br\/blog\/wp-json\/wp\/v2\/posts\/18575\/revisions"}],"predecessor-version":[{"id":18585,"href":"http:\/\/www.hipismoeco.com.br\/blog\/wp-json\/wp\/v2\/posts\/18575\/revisions\/18585"}],"wp:attachment":[{"href":"http:\/\/www.hipismoeco.com.br\/blog\/wp-json\/wp\/v2\/media?parent=18575"}],"wp:term":[{"taxonomy":"category","embeddable":true,"href":"http:\/\/www.hipismoeco.com.br\/blog\/wp-json\/wp\/v2\/categories?post=18575"},{"taxonomy":"post_tag","embeddable":true,"href":"http:\/\/www.hipismoeco.com.br\/blog\/wp-json\/wp\/v2\/tags?post=18575"}],"curies":[{"name":"wp","href":"https:\/\/api.w.org\/{rel}","templated":true}]}}