{"id":17502,"date":"2013-10-21T19:51:19","date_gmt":"2013-10-21T21:51:19","guid":{"rendered":"http:\/\/www.hipismoeco.com.br\/blog\/?p=17502"},"modified":"2013-10-21T20:50:46","modified_gmt":"2013-10-21T22:50:46","slug":"paula-fernandes-grava-dvd-ao-lado-do-cavalo-ciclone","status":"publish","type":"post","link":"http:\/\/www.hipismoeco.com.br\/blog\/paula-fernandes-grava-dvd-ao-lado-do-cavalo-ciclone\/","title":{"rendered":"Paula fernandes grava DVD ao lado do cavalo Ciclone"},"content":{"rendered":"<p>A cantora de m\u00fasica sertaneja <strong>Paula Fernandes<\/strong>, gravou seu segundo DVD no \u00faltimo s\u00e1bado (08\/10), no HSBC Arena, no Rio de Janeiro. O destaque da noite, que causou surpresa para as oito mil pessoas que assistiam o show, foi quando ela apareceu no palco, ap\u00f3s uma troca de figurino, com Ciclone,o cavalo do <strong>Beto Carrero World<\/strong>. Ela entrou montada no cavalo cantando a m\u00fasica &#8220;Jeito de Mato&#8221;, em seguida desceu e posicionou Ciclone ao seu lado.<\/p>\n<p>Vejam abaixo um v\u00eddeo da entrada do cavalo no palco. Apesar de ser um animal muito calmo e bem treinado ficou um pouco nervoso com todo o cen\u00e1rio e p\u00fablico.<\/p>\n<p><iframe loading=\"lazy\" src=\"\/\/www.youtube.com\/embed\/8Ekql_J6je0\" height=\"315\" width=\"470\" allowfullscreen=\"\" frameborder=\"0\"><\/iframe><\/p>\n<p><a href=\"http:\/\/www.hipismoeco.com.br\/blog\/wp-content\/uploads\/2013\/10\/paulafernandes.jpg\"><img loading=\"lazy\" decoding=\"async\" class=\"alignnone size-full wp-image-17503\" alt=\"paulafernandes\" src=\"http:\/\/www.hipismoeco.com.br\/blog\/wp-content\/uploads\/2013\/10\/paulafernandes.jpg\" width=\"941\" height=\"488\" srcset=\"http:\/\/www.hipismoeco.com.br\/blog\/wp-content\/uploads\/2013\/10\/paulafernandes.jpg 941w, http:\/\/www.hipismoeco.com.br\/blog\/wp-content\/uploads\/2013\/10\/paulafernandes-300x155.jpg 300w\" sizes=\"(max-width: 941px) 100vw, 941px\" \/><\/a><\/p>\n<p><em><a href=\"http:\/\/www.hipismoeco.com.br\/blog\/wp-content\/uploads\/2013\/10\/paulafernandes1.jpg\"><img loading=\"lazy\" decoding=\"async\" class=\"alignnone size-full wp-image-17504\" alt=\"paulafernandes1\" src=\"http:\/\/www.hipismoeco.com.br\/blog\/wp-content\/uploads\/2013\/10\/paulafernandes1.jpg\" width=\"944\" height=\"494\" srcset=\"http:\/\/www.hipismoeco.com.br\/blog\/wp-content\/uploads\/2013\/10\/paulafernandes1.jpg 944w, http:\/\/www.hipismoeco.com.br\/blog\/wp-content\/uploads\/2013\/10\/paulafernandes1-300x156.jpg 300w\" sizes=\"(max-width: 944px) 100vw, 944px\" \/><\/a><\/em><\/p>\n<p>Se quiserem ver como ficou a grava\u00e7\u00e3o final da m\u00fasica para o DVD, aqui vai o link<br \/>\n<em><strong><a href=\"http:\/\/www.vevo.com\/watch\/paula-fernandes\/jeito-de-mato-ceu-vermelho\/BRUV71300188\">http:\/\/www.vevo.com\/watch\/paula-fernandes\/jeito-de-mato-ceu-vermelho\/BRUV71300188<\/a><\/strong><\/em><\/p>\n<p><em>Fotos: Fernando Maia\/UOL e Roberto Filho\/AgNews<\/em><\/p>\n","protected":false},"excerpt":{"rendered":"<p>A cantora de m\u00fasica sertaneja Paula Fernandes, gravou seu segundo DVD no \u00faltimo s\u00e1bado (08\/10), no HSBC Arena, no Rio de Janeiro. O destaque da noite, que causou surpresa para as oito mil pessoas que assistiam o show, foi quando ela apareceu no palco, ap\u00f3s uma troca de figurino, com Ciclone,o cavalo do Beto Carrero&#8230;<\/p>\n","protected":false},"author":1,"featured_media":0,"comment_status":"open","ping_status":"open","sticky":false,"template":"","format":"standard","meta":{"jetpack_post_was_ever_published":false,"_jetpack_newsletter_access":"","_jetpack_dont_email_post_to_subs":false,"_jetpack_newsletter_tier_id":0,"footnotes":"","jetpack_publicize_message":"","jetpack_publicize_feature_enabled":true,"jetpack_social_post_already_shared":true,"jetpack_social_options":{"image_generator_settings":{"template":"highway","enabled":false}}},"categories":[16,38],"tags":[2144,1021],"jetpack_publicize_connections":[],"jetpack_featured_media_url":"","jetpack_shortlink":"https:\/\/wp.me\/p2OUwu-4yi","jetpack_sharing_enabled":true,"_links":{"self":[{"href":"http:\/\/www.hipismoeco.com.br\/blog\/wp-json\/wp\/v2\/posts\/17502"}],"collection":[{"href":"http:\/\/www.hipismoeco.com.br\/blog\/wp-json\/wp\/v2\/posts"}],"about":[{"href":"http:\/\/www.hipismoeco.com.br\/blog\/wp-json\/wp\/v2\/types\/post"}],"author":[{"embeddable":true,"href":"http:\/\/www.hipismoeco.com.br\/blog\/wp-json\/wp\/v2\/users\/1"}],"replies":[{"embeddable":true,"href":"http:\/\/www.hipismoeco.com.br\/blog\/wp-json\/wp\/v2\/comments?post=17502"}],"version-history":[{"count":4,"href":"http:\/\/www.hipismoeco.com.br\/blog\/wp-json\/wp\/v2\/posts\/17502\/revisions"}],"predecessor-version":[{"id":17517,"href":"http:\/\/www.hipismoeco.com.br\/blog\/wp-json\/wp\/v2\/posts\/17502\/revisions\/17517"}],"wp:attachment":[{"href":"http:\/\/www.hipismoeco.com.br\/blog\/wp-json\/wp\/v2\/media?parent=17502"}],"wp:term":[{"taxonomy":"category","embeddable":true,"href":"http:\/\/www.hipismoeco.com.br\/blog\/wp-json\/wp\/v2\/categories?post=17502"},{"taxonomy":"post_tag","embeddable":true,"href":"http:\/\/www.hipismoeco.com.br\/blog\/wp-json\/wp\/v2\/tags?post=17502"}],"curies":[{"name":"wp","href":"https:\/\/api.w.org\/{rel}","templated":true}]}}