{"id":14013,"date":"2013-04-09T14:44:42","date_gmt":"2013-04-09T17:44:42","guid":{"rendered":"http:\/\/www.hipismoeco.com.br\/blog\/?p=14013"},"modified":"2013-04-09T14:45:53","modified_gmt":"2013-04-09T17:45:53","slug":"voce-e-seu-cavalo-no-hipismoco-lucas-passos","status":"publish","type":"post","link":"http:\/\/www.hipismoeco.com.br\/blog\/voce-e-seu-cavalo-no-hipismoco-lucas-passos\/","title":{"rendered":"Voc\u00ea e seu cavalo no Hipismo&#038;Co: <br>Lucas Passos"},"content":{"rendered":"<p>O <strong>Hipismo&amp;Co<\/strong> inaugura mais uma se\u00e7\u00e3o : <strong>&#8220;Voc\u00ea e seu cavalo no Hipismo&amp;Co&#8221;<\/strong>.<br \/>\nToda ter\u00e7a publicaremos uma entrevista descontra\u00edda com amazonas e cavaleiros brasileiros, que nos contar\u00e3o um pouco da sua vida no esporte.<br \/>\nColabore com o blog! O pr\u00f3ximo entrevistado pode ser voc\u00ea!<\/p>\n<p>Come\u00e7aremos com a entrevista do cavaleiro <strong>Lucas <\/strong>de Curitiba.<\/p>\n<p><a href=\"http:\/\/www.hipismoeco.com.br\/blog\/wp-content\/uploads\/2013\/04\/lucas_passos3.jpg\"><img loading=\"lazy\" decoding=\"async\" alt=\"lucas_passos3\" src=\"http:\/\/www.hipismoeco.com.br\/blog\/wp-content\/uploads\/2013\/04\/lucas_passos3.jpg\" width=\"290\" height=\"290\" \/><\/a><\/p>\n<p><strong>Nome:<\/strong><br \/>\nLucas Passos<\/p>\n<p><strong>Nome do Cavalo:<\/strong><br \/>\nChandover<\/p>\n<p><strong>Onde monta:<\/strong><br \/>\nSociedade H\u00edpica Paranaense<\/p>\n<p><strong>Modalidade\/altura\/ categoria:<\/strong><br \/>\nSalto, 1.20m, Jovens Cavaleiros<\/p>\n<p><strong>Quando voc\u00ea come\u00e7ou no hipismo? Voc\u00ea se lembra da primeira vez em uma h\u00edpica?<\/strong><br \/>\nComecei em 2006. Quando despertou em mim o interesse por cavalos, ent\u00e3o resolvi procurar algo relacionado a isso em Curitiba, e fui parar na H\u00edpica Paranaense. Adorei j\u00e1 na primeira aula o esporte e a h\u00edpica e desde ent\u00e3o sigo praticando Hipismo.<\/p>\n<p><strong>Qual foi sua prova inesquec\u00edvel?<\/strong><br \/>\nA minha prova inesquec\u00edvel foi ano passado. Meu cavalo passou mal duas semanas antes do CSN MD Curitiba, ficou parado essas duas semanas, treinei apenas um dia e saltei o Mini-GP de 1,25m. Ele me surpreendeu naquele dia. Com mais de<br \/>\n100 conjuntos, apenas 12 no desempate, grandes nomes e bons cavalos participando e n\u00f3s ficamos em terceiro lugar. Foi realmente memor\u00e1vel!<\/p>\n<p><strong>Voc\u00ea tem algum ritual antes da prova?<\/strong><br \/>\nN\u00e3o sei se posso dizer que \u00e9 um ritual, mas sempre antes de entrar na pista, agrado meu cavalo, falo &#8220;vamos zerar?&#8221; e come\u00e7o meu percurso.<\/p>\n<p><strong>Qual seu concurso preferido no Brasil?<\/strong><br \/>\nPara assistir, sem d\u00favida, o Athina Onasis \u00e9 o melhor. J\u00e1 tive a oportunidade de saltar o\u00a0 CSN Derby no Clube H\u00edpico de Santo Amaro e gostei muito.<\/p>\n<p><strong>Existe alguma prova da qual gostaria muito de participar?<\/strong><br \/>\nO Athina Onasis, que \u00e9 a melhor prova da Am\u00e9rica Latina, com cavaleiros internacionais. Participar de uma prova assim seria muito especial.<\/p>\n<p><strong>Qual seu \u00eddolo no esporte?<\/strong><br \/>\nGosto bastante do C\u00e9sar Almeida, n\u00e3o s\u00f3 pela t\u00e9cnica que \u00e9 indiscut\u00edvel, mas tamb\u00e9m pela humildade. E tamb\u00e9m do Bernardo Alves, gosto muito do estilo dele montar.<\/p>\n<p><strong>O que voc\u00ea mais gosta no ambiente h\u00edpico? E o que voc\u00ea mudaria?<\/strong><br \/>\nGosto de tudo, passo horas na h\u00edpica, sempre tem algo para fazer, montar, conversar com os amigos, ou simplesmente escovar meu cavalo e levar pra pastar. N\u00e3o vejo nada que mudaria. \u00c9 claro que o ambiente n\u00e3o \u00e9 perfeito, tem seus pequenos defeitos como qualquer outro lugar.<\/p>\n<p><strong>O que o hipismo mudou na sua vida?<\/strong><br \/>\nMudou completamente minha vida. Me fez aprender a pensar antes em meu cavalo do que em mim, me tornou mais competitivo, me deu determina\u00e7\u00e3o e disciplina pra querer ganhar. Hoje eu tenho uma vida inteira que gira em torno disso.<\/p>\n<p><strong>Voc\u00ea tem alguma m\u00fasica ou filme que te inspira nos seus treinos? Qual?<\/strong><br \/>\nGosto muito da m\u00fasica Stand Up do Right Said Fred, acho que tem tudo a ver com o hipismo e competi\u00e7\u00f5es.<\/p>\n<p><strong>Qual foi o cavalo que mais te deu alegria e porque?<\/strong><br \/>\nSem d\u00favida o Chandover, cada dia me ensina algo novo, cada prova que zeramos \u00e9 uma felicidade de como se fosse a primeira. Me divirto muito com ele, desde assit\u00ed-lo pastando, at\u00e9 um simples minuto de prova. N\u00f3s dois, nesses tr\u00eas anos juntos, vencemos muitos desafios e limites, que ningu\u00e9m acreditava, essa sensa\u00e7\u00e3o \u00e9 muito boa.<\/p>\n<p><strong>O que seu cavalo representa pra voc\u00ea?<\/strong><br \/>\nRepresenta tudo, \u00e9 ele com quem eu passo mais horas do meu dia. Pe\u00e7o todos os dias pra que ele tenha sa\u00fade e que se alguma coisinha tiver que acontecer, como dor, ou machucado, que aconte\u00e7a comigo e n\u00e3o com ele. Ele \u00e9 muito especial para mim!<\/p>\n<p><a href=\"http:\/\/www.hipismoeco.com.br\/blog\/wp-content\/uploads\/2013\/04\/lucas_passos1.jpg\"><img loading=\"lazy\" decoding=\"async\" class=\"alignnone size-full wp-image-14018\" alt=\"lucas_passos1\" src=\"http:\/\/www.hipismoeco.com.br\/blog\/wp-content\/uploads\/2013\/04\/lucas_passos1.jpg\" width=\"601\" height=\"602\" srcset=\"http:\/\/www.hipismoeco.com.br\/blog\/wp-content\/uploads\/2013\/04\/lucas_passos1.jpg 601w, http:\/\/www.hipismoeco.com.br\/blog\/wp-content\/uploads\/2013\/04\/lucas_passos1-150x150.jpg 150w, http:\/\/www.hipismoeco.com.br\/blog\/wp-content\/uploads\/2013\/04\/lucas_passos1-300x300.jpg 300w, http:\/\/www.hipismoeco.com.br\/blog\/wp-content\/uploads\/2013\/04\/lucas_passos1-299x300.jpg 299w\" sizes=\"(max-width: 601px) 100vw, 601px\" \/><\/a> <a href=\"http:\/\/www.hipismoeco.com.br\/blog\/wp-content\/uploads\/2013\/04\/lucas_passos2.jpg\"><img loading=\"lazy\" decoding=\"async\" class=\"alignnone size-full wp-image-14019\" alt=\"lucas_passos2\" src=\"http:\/\/www.hipismoeco.com.br\/blog\/wp-content\/uploads\/2013\/04\/lucas_passos2.jpg\" width=\"800\" height=\"639\" srcset=\"http:\/\/www.hipismoeco.com.br\/blog\/wp-content\/uploads\/2013\/04\/lucas_passos2.jpg 800w, http:\/\/www.hipismoeco.com.br\/blog\/wp-content\/uploads\/2013\/04\/lucas_passos2-300x239.jpg 300w, http:\/\/www.hipismoeco.com.br\/blog\/wp-content\/uploads\/2013\/04\/lucas_passos2-375x300.jpg 375w\" sizes=\"(max-width: 800px) 100vw, 800px\" \/><\/a><\/p>\n<p><strong><em>Se quiser participar dessa se\u00e7\u00e3o. Nos envie suas respostas com no m\u00ednimo duas fotos para o e-mail contato@hipismoeco.com.br<\/em><\/strong><\/p>\n<p><em><strong>Fotos: Arquivo Pessoal &#8211; Lucas Passos<\/strong><\/em><\/p>\n<p>&nbsp;<\/p>\n","protected":false},"excerpt":{"rendered":"<p>O Hipismo&amp;Co inaugura mais uma se\u00e7\u00e3o : &#8220;Voc\u00ea e seu cavalo no Hipismo&amp;Co&#8221;. Toda ter\u00e7a publicaremos uma entrevista descontra\u00edda com amazonas e cavaleiros brasileiros, que nos contar\u00e3o um pouco da sua vida no esporte. Colabore com o blog! O pr\u00f3ximo entrevistado pode ser voc\u00ea! Come\u00e7aremos com a entrevista do cavaleiro Lucas de Curitiba. Nome: Lucas&#8230;<\/p>\n","protected":false},"author":1,"featured_media":0,"comment_status":"open","ping_status":"open","sticky":false,"template":"","format":"standard","meta":{"jetpack_post_was_ever_published":false,"_jetpack_newsletter_access":"","_jetpack_dont_email_post_to_subs":false,"_jetpack_newsletter_tier_id":0,"footnotes":"","jetpack_publicize_message":"","jetpack_publicize_feature_enabled":true,"jetpack_social_post_already_shared":true,"jetpack_social_options":{"image_generator_settings":{"template":"highway","enabled":false}}},"categories":[1770,1769],"tags":[1772,5940,1771],"jetpack_publicize_connections":[],"jetpack_featured_media_url":"","jetpack_shortlink":"https:\/\/wp.me\/p2OUwu-3E1","jetpack_sharing_enabled":true,"_links":{"self":[{"href":"http:\/\/www.hipismoeco.com.br\/blog\/wp-json\/wp\/v2\/posts\/14013"}],"collection":[{"href":"http:\/\/www.hipismoeco.com.br\/blog\/wp-json\/wp\/v2\/posts"}],"about":[{"href":"http:\/\/www.hipismoeco.com.br\/blog\/wp-json\/wp\/v2\/types\/post"}],"author":[{"embeddable":true,"href":"http:\/\/www.hipismoeco.com.br\/blog\/wp-json\/wp\/v2\/users\/1"}],"replies":[{"embeddable":true,"href":"http:\/\/www.hipismoeco.com.br\/blog\/wp-json\/wp\/v2\/comments?post=14013"}],"version-history":[{"count":13,"href":"http:\/\/www.hipismoeco.com.br\/blog\/wp-json\/wp\/v2\/posts\/14013\/revisions"}],"predecessor-version":[{"id":14031,"href":"http:\/\/www.hipismoeco.com.br\/blog\/wp-json\/wp\/v2\/posts\/14013\/revisions\/14031"}],"wp:attachment":[{"href":"http:\/\/www.hipismoeco.com.br\/blog\/wp-json\/wp\/v2\/media?parent=14013"}],"wp:term":[{"taxonomy":"category","embeddable":true,"href":"http:\/\/www.hipismoeco.com.br\/blog\/wp-json\/wp\/v2\/categories?post=14013"},{"taxonomy":"post_tag","embeddable":true,"href":"http:\/\/www.hipismoeco.com.br\/blog\/wp-json\/wp\/v2\/tags?post=14013"}],"curies":[{"name":"wp","href":"https:\/\/api.w.org\/{rel}","templated":true}]}}