{"id":13210,"date":"2013-03-08T15:28:29","date_gmt":"2013-03-08T18:28:29","guid":{"rendered":"http:\/\/www.hipismoeco.com.br\/blog\/?p=13210"},"modified":"2013-03-08T15:28:29","modified_gmt":"2013-03-08T18:28:29","slug":"iv-grande-premio-inez-appel-no-clube-hipico-de-santo-amaro","status":"publish","type":"post","link":"http:\/\/www.hipismoeco.com.br\/blog\/iv-grande-premio-inez-appel-no-clube-hipico-de-santo-amaro\/","title":{"rendered":"IV Grande Pr\u00eamio Inez Appel no Clube H\u00edpico de Santo Amaro"},"content":{"rendered":"<p>Ontem (07\/02) aconteceu o<strong>\u00a0IV Grande Pr\u00eamio Inez Appel<\/strong>, a 1.35m no Clube H\u00edpico de Santo Amaro em S\u00e3o Paulo. Os irm\u00e3os\u00a0Marcio e Mario Appel organizam todos os anos, esse GP em homenagem a sua saudosa m\u00e3e que adorava acompanha-los nas competi\u00e7\u00f5es e amava os cavalos.<\/p>\n<p>O cavaleiro\u00a0Vitor Alvez Teixeira montando Alcazar Imp\u00e9rio Eg\u00edpcio foi o vencedor, em segundo lugar ficou\u00a0Fernando Jos\u00e9 de Assis Costa, o Bigorna, com WFH Val D&#8217; Isere, a\u00a0amazona Andrea Guzzo Muniz Ferreira e Warlord em terceiro lugar,\u00a0Tiago Macedo de Noronha Diniz Costa e Burggil DC em o quarto posto, Luiz Carlos da Costa Mata com Chimbote em quinto e em sexto\u00a0Stephanie Castueira com Eskadron.<\/p>\n<p><a href=\"http:\/\/www.hipismoeco.com.br\/blog\/wp-content\/uploads\/2013\/03\/gpAppel.jpg\"><img loading=\"lazy\" decoding=\"async\" class=\"alignnone size-full wp-image-13211\" alt=\"gpAppel\" src=\"http:\/\/www.hipismoeco.com.br\/blog\/wp-content\/uploads\/2013\/03\/gpAppel.jpg\" width=\"612\" height=\"612\" srcset=\"http:\/\/www.hipismoeco.com.br\/blog\/wp-content\/uploads\/2013\/03\/gpAppel.jpg 612w, http:\/\/www.hipismoeco.com.br\/blog\/wp-content\/uploads\/2013\/03\/gpAppel-150x150.jpg 150w, http:\/\/www.hipismoeco.com.br\/blog\/wp-content\/uploads\/2013\/03\/gpAppel-300x300.jpg 300w\" sizes=\"(max-width: 612px) 100vw, 612px\" \/><\/a><\/p>\n<p><em><strong>Fonte: PFDP<\/strong><\/em><\/p>\n<p>&nbsp;<\/p>\n","protected":false},"excerpt":{"rendered":"<p>Ontem (07\/02) aconteceu o\u00a0IV Grande Pr\u00eamio Inez Appel, a 1.35m no Clube H\u00edpico de Santo Amaro em S\u00e3o Paulo. Os irm\u00e3os\u00a0Marcio e Mario Appel organizam todos os anos, esse GP em homenagem a sua saudosa m\u00e3e que adorava acompanha-los nas competi\u00e7\u00f5es e amava os cavalos. O cavaleiro\u00a0Vitor Alvez Teixeira montando Alcazar Imp\u00e9rio Eg\u00edpcio foi o&#8230;<\/p>\n","protected":false},"author":1,"featured_media":0,"comment_status":"open","ping_status":"open","sticky":false,"template":"","format":"standard","meta":{"jetpack_post_was_ever_published":false,"_jetpack_newsletter_access":"","_jetpack_dont_email_post_to_subs":false,"_jetpack_newsletter_tier_id":0,"footnotes":"","jetpack_publicize_message":"","jetpack_publicize_feature_enabled":true,"jetpack_social_post_already_shared":true,"jetpack_social_options":{"image_generator_settings":{"template":"highway","enabled":false}}},"categories":[9,50],"tags":[387],"jetpack_publicize_connections":[],"jetpack_featured_media_url":"","jetpack_shortlink":"https:\/\/wp.me\/p2OUwu-3r4","jetpack_sharing_enabled":true,"_links":{"self":[{"href":"http:\/\/www.hipismoeco.com.br\/blog\/wp-json\/wp\/v2\/posts\/13210"}],"collection":[{"href":"http:\/\/www.hipismoeco.com.br\/blog\/wp-json\/wp\/v2\/posts"}],"about":[{"href":"http:\/\/www.hipismoeco.com.br\/blog\/wp-json\/wp\/v2\/types\/post"}],"author":[{"embeddable":true,"href":"http:\/\/www.hipismoeco.com.br\/blog\/wp-json\/wp\/v2\/users\/1"}],"replies":[{"embeddable":true,"href":"http:\/\/www.hipismoeco.com.br\/blog\/wp-json\/wp\/v2\/comments?post=13210"}],"version-history":[{"count":1,"href":"http:\/\/www.hipismoeco.com.br\/blog\/wp-json\/wp\/v2\/posts\/13210\/revisions"}],"predecessor-version":[{"id":13212,"href":"http:\/\/www.hipismoeco.com.br\/blog\/wp-json\/wp\/v2\/posts\/13210\/revisions\/13212"}],"wp:attachment":[{"href":"http:\/\/www.hipismoeco.com.br\/blog\/wp-json\/wp\/v2\/media?parent=13210"}],"wp:term":[{"taxonomy":"category","embeddable":true,"href":"http:\/\/www.hipismoeco.com.br\/blog\/wp-json\/wp\/v2\/categories?post=13210"},{"taxonomy":"post_tag","embeddable":true,"href":"http:\/\/www.hipismoeco.com.br\/blog\/wp-json\/wp\/v2\/tags?post=13210"}],"curies":[{"name":"wp","href":"https:\/\/api.w.org\/{rel}","templated":true}]}}