{"id":12073,"date":"2013-01-01T10:40:19","date_gmt":"2013-01-01T10:40:19","guid":{"rendered":"http:\/\/www.hipismoeco.com.br\/blog\/?p=12073"},"modified":"2013-01-01T10:40:19","modified_gmt":"2013-01-01T10:40:19","slug":"o-principe-com-cabeca-de-cavalo","status":"publish","type":"post","link":"http:\/\/www.hipismoeco.com.br\/blog\/o-principe-com-cabeca-de-cavalo\/","title":{"rendered":"O Pr\u00edncipe Com Cabe\u00e7a de Cavalo"},"content":{"rendered":"<p>O escritor portugu\u00eas <strong>Ant\u00f3nio Mota<\/strong> escreveu o livro infantil &#8220;<strong>O Pr\u00edncipe Com Cabe\u00e7a de Cavalo&#8221;.<\/strong><\/p>\n<p>O livro conta a hist\u00f3ria de um rei e uma rainha que estavam casados h\u00e1 muitos anos e n\u00e3o tinham filhos. O rei tinha muita pena e a rainha andava muito triste porque gostava imenso de crian\u00e7as.<\/p>\n<p>Um dia, a rainha foi dar um passeio pelos jardins do seu castelo e encontrou uma velha. Disse-lhe a velha:<\/p>\n<p>&#8211; Sei que tens andado muito triste por n\u00e3o teres filhos. Mas ouve com muita aten\u00e7\u00e3o o que te vou dizer: daqui por nove meses ter\u00e1s junto de ti um filho. Mas seria bem melhor que n\u00e3o o tivesses. Porque esse filho que h\u00e1-de nascer ter\u00e1 uma cabe\u00e7a de cavalo.<\/p>\n<p><img loading=\"lazy\" decoding=\"async\" class=\"alignnone size-medium wp-image-12074\" alt=\"principe_cabecadecavalo\" src=\"http:\/\/www.hipismoeco.com.br\/blog\/wp-content\/uploads\/2012\/12\/principe_cabecadecavalo-224x300.jpg\" width=\"224\" height=\"300\" srcset=\"http:\/\/www.hipismoeco.com.br\/blog\/wp-content\/uploads\/2012\/12\/principe_cabecadecavalo-224x300.jpg 224w, http:\/\/www.hipismoeco.com.br\/blog\/wp-content\/uploads\/2012\/12\/principe_cabecadecavalo.jpg 440w\" sizes=\"(max-width: 224px) 100vw, 224px\" \/><\/p>\n","protected":false},"excerpt":{"rendered":"<p>O escritor portugu\u00eas Ant\u00f3nio Mota escreveu o livro infantil &#8220;O Pr\u00edncipe Com Cabe\u00e7a de Cavalo&#8221;. O livro conta a hist\u00f3ria de um rei e uma rainha que estavam casados h\u00e1 muitos anos e n\u00e3o tinham filhos. O rei tinha muita pena e a rainha andava muito triste porque gostava imenso de crian\u00e7as. Um dia, a&#8230;<\/p>\n","protected":false},"author":1,"featured_media":0,"comment_status":"open","ping_status":"open","sticky":false,"template":"","format":"standard","meta":{"jetpack_post_was_ever_published":false,"_jetpack_newsletter_access":"","_jetpack_dont_email_post_to_subs":false,"_jetpack_newsletter_tier_id":0,"footnotes":"","jetpack_publicize_message":"","jetpack_publicize_feature_enabled":true,"jetpack_social_post_already_shared":true,"jetpack_social_options":{"image_generator_settings":{"template":"highway","enabled":false}}},"categories":[5],"tags":[1474],"jetpack_publicize_connections":[],"jetpack_featured_media_url":"","jetpack_shortlink":"https:\/\/wp.me\/p2OUwu-38J","jetpack_sharing_enabled":true,"_links":{"self":[{"href":"http:\/\/www.hipismoeco.com.br\/blog\/wp-json\/wp\/v2\/posts\/12073"}],"collection":[{"href":"http:\/\/www.hipismoeco.com.br\/blog\/wp-json\/wp\/v2\/posts"}],"about":[{"href":"http:\/\/www.hipismoeco.com.br\/blog\/wp-json\/wp\/v2\/types\/post"}],"author":[{"embeddable":true,"href":"http:\/\/www.hipismoeco.com.br\/blog\/wp-json\/wp\/v2\/users\/1"}],"replies":[{"embeddable":true,"href":"http:\/\/www.hipismoeco.com.br\/blog\/wp-json\/wp\/v2\/comments?post=12073"}],"version-history":[{"count":5,"href":"http:\/\/www.hipismoeco.com.br\/blog\/wp-json\/wp\/v2\/posts\/12073\/revisions"}],"predecessor-version":[{"id":12125,"href":"http:\/\/www.hipismoeco.com.br\/blog\/wp-json\/wp\/v2\/posts\/12073\/revisions\/12125"}],"wp:attachment":[{"href":"http:\/\/www.hipismoeco.com.br\/blog\/wp-json\/wp\/v2\/media?parent=12073"}],"wp:term":[{"taxonomy":"category","embeddable":true,"href":"http:\/\/www.hipismoeco.com.br\/blog\/wp-json\/wp\/v2\/categories?post=12073"},{"taxonomy":"post_tag","embeddable":true,"href":"http:\/\/www.hipismoeco.com.br\/blog\/wp-json\/wp\/v2\/tags?post=12073"}],"curies":[{"name":"wp","href":"https:\/\/api.w.org\/{rel}","templated":true}]}}