{"id":10587,"date":"2012-07-27T14:06:09","date_gmt":"2012-07-27T17:06:09","guid":{"rendered":"http:\/\/hipismo.wordpress.com\/?p=10587"},"modified":"2012-07-27T14:06:09","modified_gmt":"2012-07-27T17:06:09","slug":"brasil-desfilara-com-120-pessoas-na-abertura-olimpica","status":"publish","type":"post","link":"http:\/\/www.hipismoeco.com.br\/blog\/brasil-desfilara-com-120-pessoas-na-abertura-olimpica\/","title":{"rendered":"Brasil desfilar\u00e1 com 120 pessoas na abertura ol\u00edmpica"},"content":{"rendered":"<p>Hoje (27\/07)\u00a0 \u00e0s 17h (de Bras\u00edlia) acontecer\u00e1 a cerim\u00f4nia de abertura dos Jogos Ol\u00edmpicos de Londres. Na solenidade que abre a competi\u00e7\u00e3o, o Brasil ter\u00e1 a presen\u00e7a, aproximadamente, de 120 integrantes.<\/p>\n<p>O porta-bandeira brasileiro ser\u00e1 o cavaleiro Rodrigo Pessoa. Outros atletas do hipismo CCE, hipismo saltos, do atletismo, do basquete masculino, boxe, ciclismo, esgrima, levantamento de peso, remo, saltos ornamentais, t\u00eanis, tiro esportivo, v\u00f4lei masculino e v\u00f4lei de praia estar\u00e3o presente. Os brasileiros das demais modalidades optaram por descansar e se poupar para as competi\u00e7\u00f5es de s\u00e1bado.<\/p>\n<p>Tradicionalmente, o desfile dos atletas obedece \u00e0 ordem alfab\u00e9tica na l\u00edngua local. A Gr\u00e9cia, ber\u00e7o dos Jogos Ol\u00edmpicos, abre o desfile, enquanto o pa\u00eds sede dos Jogos encerra.<\/p>\n<p>Os atletas brasileiros se reunir\u00e3o na entrada do pr\u00e9dio do Pa\u00eds na Vila Ol\u00edmpica e, assim como todas as outras delega\u00e7\u00f5es, seguir\u00e3o andando por um trajeto de 1,5 quil\u00f4metro rumo ao Est\u00e1dio Ol\u00edmpico. Os atletas vestir\u00e3o blazer navy, camisa branca e echarpe de azul e amarelo. Os homens trajar\u00e3o cal\u00e7a e as mulheres saia l\u00e1pis, ambas as pe\u00e7as nas cores verde ou amarela.<\/p>\n<p>Em sua sexta Olimp\u00edada, Rodrigo Pessoa vai viver pela primeira vez a emo\u00e7\u00e3o de ser o porta-bandeira. \u201cEste \u00e9 um momento muito especial na minha carreira. Disputar os Jogos Ol\u00edmpicos \u00e9 o sonho de qualquer atleta e estar \u00e0 frente da delega\u00e7\u00e3o na Cerim\u00f4nia de Abertura \u00e9 um momento de muita honra. Depois de tr\u00eas medalhas ol\u00edmpicas e na minha sexta participa\u00e7\u00e3o nos Jogos, carregar a bandeira do pa\u00eds coroa a minha hist\u00f3ria ol\u00edmpica\u201d, disse o cavaleiro de 39 anos.<\/p>\n<p><img loading=\"lazy\" decoding=\"async\" class=\"alignnone size-full wp-image-10588\" title=\"LONDRES - 23\/07\/2012 - ESPORTES OE - OLIMPIADAS DE LONDRES - FOTOGRAFIA - LONDON OLYMPIC GAMES  - Cerimonia de astiamento da bandeira brasileira na zona internacional da vila Olimpica. FOTO JONNE RORIZ\/AE\" src=\"http:\/\/hipismo.files.wordpress.com\/2012\/07\/rodrigo-pessoa-serc3a1-o-porta-bandeira-do-brasil.jpg\" alt=\"\" width=\"292\" height=\"280\" \/><\/p>\n<p><em><strong>Fonte: Jornal Agora MS<\/strong><\/em><br \/>\n<em><strong>Foto: Jonne Roriz\/AE<\/strong><\/em><\/p>\n","protected":false},"excerpt":{"rendered":"<p>Hoje (27\/07)\u00a0 \u00e0s 17h (de Bras\u00edlia) acontecer\u00e1 a cerim\u00f4nia de abertura dos Jogos Ol\u00edmpicos de Londres. Na solenidade que abre a competi\u00e7\u00e3o, o Brasil ter\u00e1 a presen\u00e7a, aproximadamente, de 120 integrantes. O porta-bandeira brasileiro ser\u00e1 o cavaleiro Rodrigo Pessoa. Outros atletas do hipismo CCE, hipismo saltos, do atletismo, do basquete masculino, boxe, ciclismo, esgrima, levantamento&#8230;<\/p>\n","protected":false},"author":1,"featured_media":0,"comment_status":"open","ping_status":"open","sticky":false,"template":"","format":"standard","meta":{"jetpack_post_was_ever_published":false,"_jetpack_newsletter_access":"","_jetpack_dont_email_post_to_subs":false,"_jetpack_newsletter_tier_id":0,"footnotes":"","jetpack_publicize_message":"","jetpack_publicize_feature_enabled":true,"jetpack_social_post_already_shared":false,"jetpack_social_options":{"image_generator_settings":{"template":"highway","enabled":false}}},"categories":[9,35],"tags":[833,1132],"jetpack_publicize_connections":[],"jetpack_featured_media_url":"","jetpack_shortlink":"https:\/\/wp.me\/p2OUwu-2KL","jetpack_sharing_enabled":true,"_links":{"self":[{"href":"http:\/\/www.hipismoeco.com.br\/blog\/wp-json\/wp\/v2\/posts\/10587"}],"collection":[{"href":"http:\/\/www.hipismoeco.com.br\/blog\/wp-json\/wp\/v2\/posts"}],"about":[{"href":"http:\/\/www.hipismoeco.com.br\/blog\/wp-json\/wp\/v2\/types\/post"}],"author":[{"embeddable":true,"href":"http:\/\/www.hipismoeco.com.br\/blog\/wp-json\/wp\/v2\/users\/1"}],"replies":[{"embeddable":true,"href":"http:\/\/www.hipismoeco.com.br\/blog\/wp-json\/wp\/v2\/comments?post=10587"}],"version-history":[{"count":0,"href":"http:\/\/www.hipismoeco.com.br\/blog\/wp-json\/wp\/v2\/posts\/10587\/revisions"}],"wp:attachment":[{"href":"http:\/\/www.hipismoeco.com.br\/blog\/wp-json\/wp\/v2\/media?parent=10587"}],"wp:term":[{"taxonomy":"category","embeddable":true,"href":"http:\/\/www.hipismoeco.com.br\/blog\/wp-json\/wp\/v2\/categories?post=10587"},{"taxonomy":"post_tag","embeddable":true,"href":"http:\/\/www.hipismoeco.com.br\/blog\/wp-json\/wp\/v2\/tags?post=10587"}],"curies":[{"name":"wp","href":"https:\/\/api.w.org\/{rel}","templated":true}]}}